{"id":1844,"date":"2020-11-19T13:50:23","date_gmt":"2020-11-19T13:50:23","guid":{"rendered":"http:\/\/esreviral.com\/?p=1844"},"modified":"2020-11-19T13:50:23","modified_gmt":"2020-11-19T13:50:23","slug":"sin-urna-y-tapado-con-una-sabana-asi-entierran-a-los-fallecidos-en-venezuela-ante-la-grave-crisis-video","status":"publish","type":"post","link":"https:\/\/esreviral.com\/?p=1844","title":{"rendered":"Sin urna y tapado con una s\u00e1bana: as\u00ed entierran a los fallecidos en Venezuela ante la grave crisis (+VIDEO)"},"content":{"rendered":"\n<p><strong><em>CIS.- <\/em><\/strong>La crisis en Venezuela se ha agudizado al punto tal que las familias no tienen el dinero necesario para los gastos f\u00fanebres de sus seres queridos y a trav\u00e9s de las redes sociales se hizo Re Viral un video en el que se observar c\u00f3mo trasladan sin urna un cad\u00e1ver.<\/p>\n\n\n\n<p>El hecho se registr\u00f3 en Aroa, municipio Bol\u00edvar del estado Yaracuy, donde en un video la persona que graba narra la grave situaci\u00f3n y se pregunta por el alcalde, puesto que desde el Gobierno no le brindaron ayuda para el entierro. <\/p>\n\n\n\n<p>El cad\u00e1ver se observa envuelto en una s\u00e1bana blanca, sin urna y sin un coche f\u00fanebre, por lo que deben trasladarlo en hombros. <\/p>\n\n\n\n<figure class=\"wp-block-embed-twitter wp-block-embed is-type-rich is-provider-twitter\"><div class=\"wp-block-embed__wrapper\">\n<blockquote class=\"twitter-tweet\" data-width=\"500\" data-dnt=\"true\"><p lang=\"es\" dir=\"ltr\"><a href=\"https:\/\/twitter.com\/hashtag\/19nov?src=hash&amp;ref_src=twsrc%5Etfw\">#19nov<\/a> <a href=\"https:\/\/twitter.com\/hashtag\/Venezuela?src=hash&amp;ref_src=twsrc%5Etfw\">#Venezuela<\/a> As\u00ed trasladan a algunos venezolanos fallecidos ante \u00f1a crisis y falta de urnas. Ocurri\u00f3 en Aroa, estado <a href=\"https:\/\/twitter.com\/hashtag\/Yaracuy?src=hash&amp;ref_src=twsrc%5Etfw\">#Yaracuy<\/a> al centroccidente del pa\u00eds <a href=\"https:\/\/t.co\/uQPKzPiPmC\">pic.twitter.com\/uQPKzPiPmC<\/a><\/p>&mdash; ES RE VIRAL (@esreviral) <a href=\"https:\/\/twitter.com\/esreviral\/status\/1329420987264331776?ref_src=twsrc%5Etfw\">November 19, 2020<\/a><\/blockquote><script async src=\"https:\/\/platform.twitter.com\/widgets.js\" charset=\"utf-8\"><\/script>\n<\/div><\/figure>\n","protected":false},"excerpt":{"rendered":"<p>El hecho se registr\u00f3 en Aroa, estado Yaracuy, al centroccidente del pa\u00eds<\/p>\n","protected":false},"author":2,"featured_media":1845,"comment_status":"open","ping_status":"open","sticky":false,"template":"","format":"standard","meta":{"jnews-multi-image_gallery":[],"jnews_single_post":[],"jnews_primary_category":[],"jnews_social_meta":[],"jnews_review":[],"enable_review":"","type":"","name":"","summary":"","brand":"","sku":"","good":[],"bad":[],"score_override":"","override_value":"","rating":[],"price":[],"jnews_override_counter":[],"jnews_post_split":[],"footnotes":""},"categories":[66],"tags":[219,45,311,56,312],"class_list":["post-1844","post","type-post","status-publish","format-standard","has-post-thumbnail","hentry","category-venezuela","tag-crisis","tag-noticias","tag-urnas","tag-venezuela","tag-yaracuy"],"amp_enabled":true,"_links":{"self":[{"href":"https:\/\/esreviral.com\/index.php?rest_route=\/wp\/v2\/posts\/1844"}],"collection":[{"href":"https:\/\/esreviral.com\/index.php?rest_route=\/wp\/v2\/posts"}],"about":[{"href":"https:\/\/esreviral.com\/index.php?rest_route=\/wp\/v2\/types\/post"}],"author":[{"embeddable":true,"href":"https:\/\/esreviral.com\/index.php?rest_route=\/wp\/v2\/users\/2"}],"replies":[{"embeddable":true,"href":"https:\/\/esreviral.com\/index.php?rest_route=%2Fwp%2Fv2%2Fcomments&post=1844"}],"version-history":[{"count":0,"href":"https:\/\/esreviral.com\/index.php?rest_route=\/wp\/v2\/posts\/1844\/revisions"}],"wp:featuredmedia":[{"embeddable":true,"href":"https:\/\/esreviral.com\/index.php?rest_route=\/"}],"wp:attachment":[{"href":"https:\/\/esreviral.com\/index.php?rest_route=%2Fwp%2Fv2%2Fmedia&parent=1844"}],"wp:term":[{"taxonomy":"category","embeddable":true,"href":"https:\/\/esreviral.com\/index.php?rest_route=%2Fwp%2Fv2%2Fcategories&post=1844"},{"taxonomy":"post_tag","embeddable":true,"href":"https:\/\/esreviral.com\/index.php?rest_route=%2Fwp%2Fv2%2Ftags&post=1844"}],"curies":[{"name":"wp","href":"https:\/\/api.w.org\/{rel}","templated":true}]}}