{"id":18432,"date":"2022-05-27T09:19:32","date_gmt":"2022-05-27T12:19:32","guid":{"rendered":"https:\/\/esreviral.com\/?p=18432"},"modified":"2022-05-27T09:19:32","modified_gmt":"2022-05-27T12:19:32","slug":"15-anos-del-cierre-de-rctv-chavez-y-su-primer-gran-golpe-a-la-libertad-de-expresion","status":"publish","type":"post","link":"https:\/\/esreviral.com\/?p=18432","title":{"rendered":"15 a\u00f1os del cierre de RCTV: Ch\u00e1vez y su primer gran golpe a la libertad de expresi\u00f3n"},"content":{"rendered":"\n<p class=\"has-drop-cap\">11:59 pm. D\u00eda domingo. Sentados frente al televisor, reunidos en familia, otros solos, los venezolanos que sintonizaron la se\u00f1al del canal 2 para ver, por \u00faltima vez, la programaci\u00f3n de Radio Caracas Televisi\u00f3n (RCTV) despidieron con impotencia al canal que inaugur\u00f3 sus transmisiones el 18 de noviembre de 1953.<\/p>\n\n\n\n<p>Aquel 27 de mayo de 2007, Radio Caracas Televisi\u00f3n dej\u00f3 de emitir su se\u00f1al por orden de Hugo Ch\u00e1vez, quien decidi\u00f3 no renovarle la concesi\u00f3n al canal ubicado en Quinta Crespo en su af\u00e1n de silenciar a los medios de comunicaci\u00f3n adversos a su gesti\u00f3n. \u201cVayan buscando otra cosa que hacer, se\u00f1ores de RCTV\u201d, hab\u00eda dicho el entonces presidente durante un acto de saludo de fin de a\u00f1o a una representaci\u00f3n de las fuerzas armadas en diciembre de 2006.<\/p>\n\n\n\n<figure class=\"wp-block-image\" id=\"attachment_862225\"><img decoding=\"async\" src=\"https:\/\/cdn.elnacional.com\/wp-content\/uploads\/2022\/05\/rctv1-1-1.jpg\" alt=\"RCTV\" class=\"wp-image-862225\"\/><figcaption>Actores, periodistas, animadores y trabajadores se reunieron y cantaron el Himno Nacional para despedirse de los televidentes<\/figcaption><\/figure>\n\n\n\n<p>Una medida que reson\u00f3 internacionalmente, que llev\u00f3 a la sociedad civil a la calle para exigir el derecho a la informaci\u00f3n y al entretenimiento.<\/p>\n\n\n\n<p>Minutos antes de la medianoche, actores, periodistas, animadores y trabajadores se reunieron y cantaron el Himno Nacional para despedirse de los televidentes que los acompa\u00f1aron, desde el otro lado de la pantalla, para disfrutar de novelas, programas c\u00f3micos, de concurso, especiales y musicales.<\/p>\n\n\n\n<figure class=\"wp-block-image\" id=\"attachment_862226\"><img decoding=\"async\" src=\"https:\/\/cdn.elnacional.com\/wp-content\/uploads\/2022\/05\/CIERRE-DE-RADIO.jpg\" alt=\"RCTV\" class=\"wp-image-862226\"\/><figcaption>El 27 de mayo de 2007 Radio Caracas Televisi\u00f3n dej\u00f3 de emitir su se\u00f1al por orden de Hugo Ch\u00e1vez, quien decidi\u00f3 no renovarle la concesi\u00f3n al canal 2<\/figcaption><\/figure>\n\n\n\n<p>12:00 am. RCTV finaliz\u00f3 su transmisi\u00f3n. La pantalla pas\u00f3 a negro para dar paso a la Televisora Venezolana Social (TVES) que hoy, 15 a\u00f1os despu\u00e9s, a\u00fan continua al aire.<\/p>\n\n\n\n<p>Aquel fue el primer gran golpe, entre muchos otros, que dar\u00eda el r\u00e9gimen de Ch\u00e1vez a la libertad de expresi\u00f3n, tarea que contin\u00faa Nicol\u00e1s Maduro.<\/p>\n\n\n\n<p>Mes y medio despu\u00e9s, el 16 de julio, Radio Caracas Televisi\u00f3n reanud\u00f3 operaciones. El canal volvi\u00f3 a emitir a trav\u00e9s de sistemas de televisi\u00f3n por cable bajo el nombre de RCTV Internacional.<\/p>\n\n\n\n<figure class=\"wp-block-image\" id=\"attachment_862227\"><img decoding=\"async\" src=\"https:\/\/cdn.elnacional.com\/wp-content\/uploads\/2022\/05\/rctv2.jpg\" alt=\"RCTV\" class=\"wp-image-862227\"\/><figcaption>La sociedad civil tom\u00f3 las calles para exigir el regreso de la se\u00f1al de RCTV a las pantallas<\/figcaption><\/figure>\n\n\n\n<p>Sin embargo, en 2010 la Comisi\u00f3n Nacional de Telecomunicaciones (Conatel) le orden\u00f3 a las cableoperadoras retirar la se\u00f1al del canal, pues \u2013seg\u00fan el organismo\u2013 RCTV Internacional no cumpl\u00eda con Ley de Responsabilidad Social en Radio y Televisi\u00f3n al no transmitir las cadenas de Ch\u00e1vez.<\/p>\n\n\n\n<p>Desde entonces, RCTV funge como casa productora, donde se realizan programas para otras cadenas. Se asoci\u00f3 con R.T.I. Producciones de Colombia, Telemundo de Estados Unidos y la mexicana-estadounidense TelevisaUnivision.<\/p>\n\n\n\n<figure class=\"wp-block-image\" id=\"attachment_862228\"><img decoding=\"async\" src=\"https:\/\/cdn.elnacional.com\/wp-content\/uploads\/2022\/05\/FULL_199212-1920x1360-1.jpg\" alt=\"La rochela\" class=\"wp-image-862228\"\/><figcaption>Radio Caracas Televisi\u00f3n llev\u00f3 su programaci\u00f3n a la Plaza Alfredo Sadel durante su salida del aire | Foto WILLIAMS MARRERO<\/figcaption><\/figure>\n\n\n\n<p>Recientemente, en 2020,&nbsp;RCTV lleg\u00f3 al streaming. Hace dos a\u00f1os, en plena pandemia de covid-19, una aplicaci\u00f3n hom\u00f3nima re\u00fane todo el catalogo de Radio Caracas Televisi\u00f3n. La plataforma ofrece 5.000 horas de programaci\u00f3n, que incluye telenovelas (<em>Juana la virgen, Mi gorda bella, Mis tres hermanas<\/em>, entre muchas otras), series (<em>Ciclo de Oro de R\u00f3mulo Gallegos, Archivo criminal, Bit\u00e1cora<\/em>) y pel\u00edculas (<em>La mano, La llorona, El Chupacabra<\/em>).<\/p>\n\n\n\n<p class=\"has-text-align-right\"><strong><em>ElNacional.-<\/em><\/strong><\/p>\n","protected":false},"excerpt":{"rendered":"<p>El domingo 27 de mayo de 2007, en medio de una gran tristeza e indignaci\u00f3n de sus trabajadores y gran parte de los venezolanos, Radio Caracas Televisi\u00f3n, el canal fundado por William Phelps Tucker en 1953, desapareci\u00f3 de la se\u00f1al abierta. El entonces presidente del pa\u00eds no toler\u00f3 la l\u00ednea editorial del canal 2, adversa al r\u00e9gimen<\/p>\n","protected":false},"author":2,"featured_media":18433,"comment_status":"open","ping_status":"open","sticky":false,"template":"","format":"standard","meta":{"jnews-multi-image_gallery":[],"jnews_single_post":[],"jnews_primary_category":[],"jnews_social_meta":[],"jnews_review":[],"enable_review":"","type":"","name":"","summary":"","brand":"","sku":"","good":[],"bad":[],"score_override":"","override_value":"","rating":[],"price":[],"jnews_override_counter":[],"jnews_post_split":[],"footnotes":""},"categories":[50,66],"tags":[2314,2315,45,858,56],"class_list":["post-18432","post","type-post","status-publish","format-standard","has-post-thumbnail","hentry","category-entretenimiento","category-venezuela","tag-canal-de-television","tag-libertad-de-expresion","tag-noticias","tag-rctv","tag-venezuela"],"amp_enabled":true,"_links":{"self":[{"href":"https:\/\/esreviral.com\/index.php?rest_route=\/wp\/v2\/posts\/18432"}],"collection":[{"href":"https:\/\/esreviral.com\/index.php?rest_route=\/wp\/v2\/posts"}],"about":[{"href":"https:\/\/esreviral.com\/index.php?rest_route=\/wp\/v2\/types\/post"}],"author":[{"embeddable":true,"href":"https:\/\/esreviral.com\/index.php?rest_route=\/wp\/v2\/users\/2"}],"replies":[{"embeddable":true,"href":"https:\/\/esreviral.com\/index.php?rest_route=%2Fwp%2Fv2%2Fcomments&post=18432"}],"version-history":[{"count":0,"href":"https:\/\/esreviral.com\/index.php?rest_route=\/wp\/v2\/posts\/18432\/revisions"}],"wp:featuredmedia":[{"embeddable":true,"href":"https:\/\/esreviral.com\/index.php?rest_route=\/"}],"wp:attachment":[{"href":"https:\/\/esreviral.com\/index.php?rest_route=%2Fwp%2Fv2%2Fmedia&parent=18432"}],"wp:term":[{"taxonomy":"category","embeddable":true,"href":"https:\/\/esreviral.com\/index.php?rest_route=%2Fwp%2Fv2%2Fcategories&post=18432"},{"taxonomy":"post_tag","embeddable":true,"href":"https:\/\/esreviral.com\/index.php?rest_route=%2Fwp%2Fv2%2Ftags&post=18432"}],"curies":[{"name":"wp","href":"https:\/\/api.w.org\/{rel}","templated":true}]}}