{"id":18429,"date":"2022-05-27T09:12:04","date_gmt":"2022-05-27T12:12:04","guid":{"rendered":"https:\/\/esreviral.com\/?p=18429"},"modified":"2022-05-27T09:12:04","modified_gmt":"2022-05-27T12:12:04","slug":"murio-andrew-fletcher-integrante-de-depeche-mode","status":"publish","type":"post","link":"https:\/\/esreviral.com\/?p=18429","title":{"rendered":"Muri\u00f3 Andrew Fletcher, integrante de Depeche Mode"},"content":{"rendered":"\n<p class=\"has-drop-cap\"><strong>\u201cEstamos shockeados y llenos de una sobrecogedora tristeza por la prematura muerta de nuestro querido amigo,&nbsp;<\/strong>miembro de nuestra familia y compa\u00f1ero de banda&nbsp;<strong>Andy \u2018Fletch\u2018 Fletcher\u201d.<\/strong><\/p>\n\n\n\n<p>Con un breve comunicado, la banda brit\u00e1nica&nbsp;<strong>Depeche Mode anunci\u00f3 el fallecimiento de uno de sus miembros el jueves, a los 60 a\u00f1os de edad.<\/strong><\/p>\n\n\n\n<p>Fletcher fue&nbsp;<strong>miembro fundador de Depeche Mode, banda nacida en 1980, con Dave Gahan, Martin Gore y Vince Clark.<\/strong><img fetchpriority=\"high\" decoding=\"async\" alt=\"Andrew Flecther, de Depeche Mode, en un concierto en Colonia, Alemania en 2017 (Ant Palmer\/Getty Images)\" height=\"1080\" width=\"1920\" class=\"\" src=\"https:\/\/cloudfront-us-east-1.images.arcpublishing.com\/infobae\/FAD2U5IQI5FNVDJHLL5CZKSFXQ.jpg\" srcset=\"https:\/\/www.infobae.com\/new-resizer\/zgG6FOXOosUAUs1mBFTgQxhbs-I=\/420x236\/filters:format(webp):quality(85)\/cloudfront-us-east-1.images.arcpublishing.com\/infobae\/FAD2U5IQI5FNVDJHLL5CZKSFXQ.jpg 420w,https:\/\/www.infobae.com\/new-resizer\/T4QlA2ATt1Qq4x-U9hc74xet0fA=\/768x432\/filters:format(webp):quality(85)\/cloudfront-us-east-1.images.arcpublishing.com\/infobae\/FAD2U5IQI5FNVDJHLL5CZKSFXQ.jpg 768w,https:\/\/www.infobae.com\/new-resizer\/eA34COH0DVpzVK1YnT26Ir-zfsI=\/992x558\/filters:format(webp):quality(85)\/cloudfront-us-east-1.images.arcpublishing.com\/infobae\/FAD2U5IQI5FNVDJHLL5CZKSFXQ.jpg 992w,https:\/\/www.infobae.com\/new-resizer\/9eOSd6H5mQeq0OZBC83gWADuj9Q=\/1200x675\/filters:format(webp):quality(85)\/cloudfront-us-east-1.images.arcpublishing.com\/infobae\/FAD2U5IQI5FNVDJHLL5CZKSFXQ.jpg 1200w,https:\/\/www.infobae.com\/new-resizer\/mMvxfpaqLn6tohZWtuMyfRbmTYs=\/1440x810\/filters:format(webp):quality(85)\/cloudfront-us-east-1.images.arcpublishing.com\/infobae\/FAD2U5IQI5FNVDJHLL5CZKSFXQ.jpg 1440w\">Andrew Flecther, de Depeche Mode, en un concierto en Colonia, Alemania en 2017 (Ant Palmer\/Getty Images)<\/p>\n\n\n\n<p>En el mismo texto, describen a Fletcher como<strong>\u00a0due\u00f1o de \u201cun verdadero coraz\u00f3n de oro\u201d\u00a0<\/strong>y afirman que era alguien que \u201csiempre estaba ah\u00ed cuando lo necesitabas, para una conversaci\u00f3n divertida, una buena risa o una cerveza fr\u00eda\u201d.<\/p>\n\n\n\n<figure class=\"wp-block-video\"><video controls src=\"https:\/\/www.infobae.com\/america\/entretenimiento\/2022\/05\/26\/murio-andrew-fletcher-integrante-de-depeche-mode\/\"><\/video><\/figure>\n\n\n\n<p> <\/p>\n\n\n\n<p><strong>\u201cNuestros corazones est\u00e1n con su familia\u201d,<\/strong>&nbsp;a\u00f1ade el comunicado.<\/p>\n\n\n\n<p>Adem\u00e1s, pidieron a los fan\u00e1ticos que \u201crespeten la privacidad\u201d de su familia y seres queridos cercanos \u201cen este momento dif\u00edcil\u201d.<\/p>\n\n\n\n<p><strong>Depeche Mode lanz\u00f3 14 \u00e1lbumes de estudio y alcanz\u00f3 la fama mundial.&nbsp;<\/strong>Inicialmente, Fletcher ejerci\u00f3 como&nbsp;<strong>bajista y agente de la banda<\/strong>, hasta que se integr\u00f3 formalmente como tecladista.<img decoding=\"async\" alt=\"Andrew 'Fletch' Fletcher  (Photo by Jim Dyson\/Getty Images)\" height=\"1080\" width=\"1920\" class=\"\" src=\"https:\/\/cloudfront-us-east-1.images.arcpublishing.com\/infobae\/553DX66AI5HFLOTCH32H4S5QME.jpg\" srcset=\"https:\/\/www.infobae.com\/new-resizer\/IC03bePl6swgTykrz4cLnxd6ZpQ=\/420x236\/filters:format(webp):quality(85)\/cloudfront-us-east-1.images.arcpublishing.com\/infobae\/553DX66AI5HFLOTCH32H4S5QME.jpg 420w,https:\/\/www.infobae.com\/new-resizer\/a1tSn07m2hr_arTdZ6Zinh_1KQ8=\/768x432\/filters:format(webp):quality(85)\/cloudfront-us-east-1.images.arcpublishing.com\/infobae\/553DX66AI5HFLOTCH32H4S5QME.jpg 768w,https:\/\/www.infobae.com\/new-resizer\/g5SiHoRK8tf8u600_OeW5B7NOR4=\/992x558\/filters:format(webp):quality(85)\/cloudfront-us-east-1.images.arcpublishing.com\/infobae\/553DX66AI5HFLOTCH32H4S5QME.jpg 992w,https:\/\/www.infobae.com\/new-resizer\/NCtqjnqRMVbjX1O81v18_L35N0k=\/1200x675\/filters:format(webp):quality(85)\/cloudfront-us-east-1.images.arcpublishing.com\/infobae\/553DX66AI5HFLOTCH32H4S5QME.jpg 1200w,https:\/\/www.infobae.com\/new-resizer\/f11FM25Yoo7_MoRAZE7MQSYWv3w=\/1440x810\/filters:format(webp):quality(85)\/cloudfront-us-east-1.images.arcpublishing.com\/infobae\/553DX66AI5HFLOTCH32H4S5QME.jpg 1440w\">Andrew &#8216;Fletch&#8217; Fletcher (Photo by Jim Dyson\/Getty Images)<\/p>\n\n\n\n<p><strong>El rol de Fletcher en la banda siempre fue tema de conversaci\u00f3n entre fan\u00e1ticos.<\/strong>&nbsp;Es el \u00fanico que no ha recibido un solo cr\u00e9dito por la composici\u00f3n de alguna de las canciones de Depeche Mode. Pero a lo largo de los a\u00f1os ha tenido labores importantes durante la<strong>&nbsp;interpretaci\u00f3n de cada uno de los temas, tanto en el estudio como en vivo.<\/strong><img decoding=\"async\" alt=\"Depeche Mode. Andy Fletcher, a la derecha en la foto (Anton Corbjin)\" height=\"1080\" width=\"1920\" class=\"\" src=\"https:\/\/cloudfront-us-east-1.images.arcpublishing.com\/infobae\/X73PXIJNQRE6RNRZ3SZEEASFAI.jpg\" srcset=\"https:\/\/www.infobae.com\/new-resizer\/XMjv_IT3gd4eaS1C9uSk3S4bpsk=\/420x236\/filters:format(webp):quality(85)\/cloudfront-us-east-1.images.arcpublishing.com\/infobae\/X73PXIJNQRE6RNRZ3SZEEASFAI.jpg 420w,https:\/\/www.infobae.com\/new-resizer\/fEaEHKoaW1uSxlIJFyHPj0-tdAg=\/768x432\/filters:format(webp):quality(85)\/cloudfront-us-east-1.images.arcpublishing.com\/infobae\/X73PXIJNQRE6RNRZ3SZEEASFAI.jpg 768w,https:\/\/www.infobae.com\/new-resizer\/KsdPRFIY-tiVzXgaKg8srUEUfb8=\/992x558\/filters:format(webp):quality(85)\/cloudfront-us-east-1.images.arcpublishing.com\/infobae\/X73PXIJNQRE6RNRZ3SZEEASFAI.jpg 992w,https:\/\/www.infobae.com\/new-resizer\/VNPnhG7i9oZoZp538C19gAb0F0w=\/1200x675\/filters:format(webp):quality(85)\/cloudfront-us-east-1.images.arcpublishing.com\/infobae\/X73PXIJNQRE6RNRZ3SZEEASFAI.jpg 1200w,https:\/\/www.infobae.com\/new-resizer\/PxBNHBfYAJa7hK0ggiPjCAGCZKs=\/1440x810\/filters:format(webp):quality(85)\/cloudfront-us-east-1.images.arcpublishing.com\/infobae\/X73PXIJNQRE6RNRZ3SZEEASFAI.jpg 1440w\">Depeche Mode. Andy Fletcher, a la derecha en la foto (Anton Corbjin)<\/p>\n\n\n\n<p><strong>Andy Fletcher tambi\u00e9n es el \u00fanico miembro de la banda que nunca cant\u00f3.&nbsp;<\/strong>En su momento, cuando se lo ve\u00eda cantar, el sonido de sus micr\u00f3fonos se escuchaba muy bajo o solo en los monitores de sonido en el escenario. A partir de 2014, dej\u00f3 de cantar en vivo.<\/p>\n\n\n\n<p>Adem\u00e1s, en \u00e9pocas en que la banda no ten\u00eda un manager a tiempo completo Andy Fletcher se encarg\u00f3 de temas legales, contables y de sus negocios. Revel\u00f3 varias veces estar&nbsp;<strong>genuinamente interesado en el lado m\u00e1s administrativo del negocio musical.<\/strong><img loading=\"lazy\" decoding=\"async\" alt=\"Andrew Fletcher en 1980 (Photo by Fin Costello\/Redferns)\" height=\"1950\" width=\"1920\" class=\"\" src=\"https:\/\/cloudfront-us-east-1.images.arcpublishing.com\/infobae\/EIBXBNMN75AHVP2NC73AFUKITM.jpg\" srcset=\"https:\/\/www.infobae.com\/new-resizer\/YqqwdXVyB33FEzSlQuwJGwCVsS8=\/420x420\/filters:format(webp):quality(85)\/cloudfront-us-east-1.images.arcpublishing.com\/infobae\/EIBXBNMN75AHVP2NC73AFUKITM.jpg 420w,https:\/\/www.infobae.com\/new-resizer\/FOSyDOnJZDM0Nx_tag8C4xq-9iY=\/768x768\/filters:format(webp):quality(85)\/cloudfront-us-east-1.images.arcpublishing.com\/infobae\/EIBXBNMN75AHVP2NC73AFUKITM.jpg 768w,https:\/\/www.infobae.com\/new-resizer\/nPodZI-uiWAqaSsEuSx6H7pkeyk=\/992x992\/filters:format(webp):quality(85)\/cloudfront-us-east-1.images.arcpublishing.com\/infobae\/EIBXBNMN75AHVP2NC73AFUKITM.jpg 992w,https:\/\/www.infobae.com\/new-resizer\/VPGgNaiy2bcuPkP-bG0M3YpgPKI=\/1200x1200\/filters:format(webp):quality(85)\/cloudfront-us-east-1.images.arcpublishing.com\/infobae\/EIBXBNMN75AHVP2NC73AFUKITM.jpg 1200w,https:\/\/www.infobae.com\/new-resizer\/81EmbyzFp6C6D4Yb-3r9f6BijYg=\/1440x1440\/filters:format(webp):quality(85)\/cloudfront-us-east-1.images.arcpublishing.com\/infobae\/EIBXBNMN75AHVP2NC73AFUKITM.jpg 1440w\">Andrew Fletcher en 1980 (Photo by Fin Costello\/Redferns)<\/p>\n\n\n\n<p>En \u00faltimos a\u00f1os Andy Fletcher se hab\u00eda convertido en el portavoz de Depeche Mode.<\/p>\n\n\n\n<p>Por el momento,\u00a0<strong>se desconocen los motivos de la muerte de Andy Fletcher.<\/strong><\/p>\n\n\n\n<p class=\"has-text-align-right\"><strong><em>Infobae.-<\/em><\/strong><\/p>\n","protected":false},"excerpt":{"rendered":"<p>Era uno de los fundadores de la banda brit\u00e1nica nacida en los ochentas, y tambi\u00e9n su tecladista y vocero. Se desconocen los motivos de su muerte<\/p>\n","protected":false},"author":2,"featured_media":18430,"comment_status":"open","ping_status":"open","sticky":false,"template":"","format":"standard","meta":{"jnews-multi-image_gallery":[],"jnews_single_post":[],"jnews_primary_category":[],"jnews_social_meta":[],"jnews_review":[],"enable_review":"","type":"","name":"","summary":"","brand":"","sku":"","good":[],"bad":[],"score_override":"","override_value":"","rating":[],"price":[],"jnews_override_counter":[],"jnews_post_split":[],"footnotes":""},"categories":[64],"tags":[2312,2313,45],"class_list":["post-18429","post","type-post","status-publish","format-standard","has-post-thumbnail","hentry","category-sucesos","tag-andrew-fletcher","tag-depeche-mode","tag-noticias"],"amp_enabled":true,"_links":{"self":[{"href":"https:\/\/esreviral.com\/index.php?rest_route=\/wp\/v2\/posts\/18429"}],"collection":[{"href":"https:\/\/esreviral.com\/index.php?rest_route=\/wp\/v2\/posts"}],"about":[{"href":"https:\/\/esreviral.com\/index.php?rest_route=\/wp\/v2\/types\/post"}],"author":[{"embeddable":true,"href":"https:\/\/esreviral.com\/index.php?rest_route=\/wp\/v2\/users\/2"}],"replies":[{"embeddable":true,"href":"https:\/\/esreviral.com\/index.php?rest_route=%2Fwp%2Fv2%2Fcomments&post=18429"}],"version-history":[{"count":0,"href":"https:\/\/esreviral.com\/index.php?rest_route=\/wp\/v2\/posts\/18429\/revisions"}],"wp:featuredmedia":[{"embeddable":true,"href":"https:\/\/esreviral.com\/index.php?rest_route=\/"}],"wp:attachment":[{"href":"https:\/\/esreviral.com\/index.php?rest_route=%2Fwp%2Fv2%2Fmedia&parent=18429"}],"wp:term":[{"taxonomy":"category","embeddable":true,"href":"https:\/\/esreviral.com\/index.php?rest_route=%2Fwp%2Fv2%2Fcategories&post=18429"},{"taxonomy":"post_tag","embeddable":true,"href":"https:\/\/esreviral.com\/index.php?rest_route=%2Fwp%2Fv2%2Ftags&post=18429"}],"curies":[{"name":"wp","href":"https:\/\/api.w.org\/{rel}","templated":true}]}}