{"id":18188,"date":"2022-05-23T15:25:29","date_gmt":"2022-05-23T18:25:29","guid":{"rendered":"https:\/\/esreviral.com\/?p=18188"},"modified":"2022-05-23T15:25:29","modified_gmt":"2022-05-23T18:25:29","slug":"alzados-venezolanos-presos-en-curazao-iniciaron-huelga-de-hambre","status":"publish","type":"post","link":"https:\/\/esreviral.com\/?p=18188","title":{"rendered":"Alzados: Venezolanos presos en Curazao iniciaron huelga de hambre"},"content":{"rendered":"\n<p>Venezolanos detenidos en la c\u00e1rcel Barak Di Ilegal, en la isla de Curazao, mantuvieron durante cuatro d\u00edas una\u00a0<strong>huelga de hambre para exigir mejoras\u00a0<\/strong>en las condiciones de reclusi\u00f3n. Los ciudadanos pidieron adem\u00e1s el cese de las violaciones de los derechos humanos y la reubicaci\u00f3n de ocho mujeres connacionales.<\/p>\n\n\n\n<p>Defensoras de los derechos humanos, rese\u00f1\u00f3<em>\u00a0Cr\u00f3nicas del Caribe<\/em>, denunciaron que 16\u00a0migrantes\u00a0<strong>han sufrido maltratos por parte de funcionarios\u00a0<\/strong>de Migraci\u00f3n. La protesta, de acuerdo con el medio digital, comenz\u00f3 en el pabell\u00f3n de los hombres, donde hab\u00eda dos ciudadanos enfermos, uno de ellos con problemas card\u00edacos.<\/p>\n\n\n\n<p>Los detenidos pretend\u00edan llamar la atenci\u00f3n del gobierno del primer ministro Gilmar Pisas.<\/p>\n\n\n\n<p>La organizaci\u00f3n no gubernamental Human Rights Defense Curazao prest\u00f3 apoyo a los migrantes. Su directora, Ieteke Inchi Witteveen,<strong>&nbsp;cuestion\u00f3 que se prive de libertad a los extranjeros<\/strong>&nbsp;que llegan a la isla en b\u00fasqueda de protecci\u00f3n.<\/p>\n\n\n\n<p><em>Cr\u00f3nicas del Caribe<\/em>\u00a0rese\u00f1\u00f3 que\u00a0<strong>el s\u00e1bado pasado se concret\u00f3 la deportaci\u00f3n de seis migrantes venezolanos,<\/strong>\u00a0incluida una mujer, en un vuelo que hizo escala en Panam\u00e1. Uno de los expulsados dijo, en condici\u00f3n de anonimato, que los trataron bien y que no ten\u00edan permitido, en el proceso, usar su tel\u00e9fono celular. Tampoco pueden dar detalles.<\/p>\n\n\n\n<p class=\"has-text-align-right\"><strong><em>El Nacional.-<\/em><\/strong><\/p>\n\n\n\n<p>Lea tambi\u00e9n: <a href=\"https:\/\/esreviral.com\/2022\/01\/06\/venezolana-en-argentina-denuncia-trato-cruel-hacia-su-padre-quien-fue-detenido-en-curazao\/\">VENEZOLANA EN ARGENTINA DENUNCIA QUE SU PADRE EST\u00c1 EN CONDICIONES INFRAHUMANAS EN UNA C\u00c1RCEL DE CURAZAO<\/a><\/p>\n","protected":false},"excerpt":{"rendered":"<p>Venezolanos detenidos en la c\u00e1rcel Barak Di Ilegal, en la isla de Curazao, mantuvieron durante cuatro d\u00edas una\u00a0huelga de hambre para exigir mejoras\u00a0en las condiciones de reclusi\u00f3n. Los ciudadanos pidieron adem\u00e1s el cese de las violaciones de los derechos humanos y la reubicaci\u00f3n de ocho mujeres connacionales. Defensoras de los derechos humanos, rese\u00f1\u00f3\u00a0Cr\u00f3nicas del Caribe, [&hellip;]<\/p>\n","protected":false},"author":2,"featured_media":18189,"comment_status":"open","ping_status":"open","sticky":false,"template":"","format":"standard","meta":{"jnews-multi-image_gallery":[],"jnews_single_post":[],"jnews_primary_category":[],"jnews_social_meta":[],"jnews_review":[],"enable_review":"","type":"","name":"","summary":"","brand":"","sku":"","good":[],"bad":[],"score_override":"","override_value":"","rating":[],"price":[],"jnews_override_counter":[],"jnews_post_split":[],"footnotes":""},"categories":[88,64],"tags":[1400,2217,45,2083,2218],"class_list":["post-18188","post","type-post","status-publish","format-standard","has-post-thumbnail","hentry","category-internacionales","category-sucesos","tag-curazao","tag-huelga-de-hambre","tag-noticias","tag-presos","tag-venezolanos-en-curazao"],"amp_enabled":true,"_links":{"self":[{"href":"https:\/\/esreviral.com\/index.php?rest_route=\/wp\/v2\/posts\/18188"}],"collection":[{"href":"https:\/\/esreviral.com\/index.php?rest_route=\/wp\/v2\/posts"}],"about":[{"href":"https:\/\/esreviral.com\/index.php?rest_route=\/wp\/v2\/types\/post"}],"author":[{"embeddable":true,"href":"https:\/\/esreviral.com\/index.php?rest_route=\/wp\/v2\/users\/2"}],"replies":[{"embeddable":true,"href":"https:\/\/esreviral.com\/index.php?rest_route=%2Fwp%2Fv2%2Fcomments&post=18188"}],"version-history":[{"count":0,"href":"https:\/\/esreviral.com\/index.php?rest_route=\/wp\/v2\/posts\/18188\/revisions"}],"wp:featuredmedia":[{"embeddable":true,"href":"https:\/\/esreviral.com\/index.php?rest_route=\/"}],"wp:attachment":[{"href":"https:\/\/esreviral.com\/index.php?rest_route=%2Fwp%2Fv2%2Fmedia&parent=18188"}],"wp:term":[{"taxonomy":"category","embeddable":true,"href":"https:\/\/esreviral.com\/index.php?rest_route=%2Fwp%2Fv2%2Fcategories&post=18188"},{"taxonomy":"post_tag","embeddable":true,"href":"https:\/\/esreviral.com\/index.php?rest_route=%2Fwp%2Fv2%2Ftags&post=18188"}],"curies":[{"name":"wp","href":"https:\/\/api.w.org\/{rel}","templated":true}]}}