{"id":1801,"date":"2020-11-18T18:57:18","date_gmt":"2020-11-18T18:57:18","guid":{"rendered":"http:\/\/esreviral.com\/?p=1801"},"modified":"2020-11-18T18:57:18","modified_gmt":"2020-11-18T18:57:18","slug":"vizzotti-el-66-del-personal-de-salud-esta-dispuesto-a-recibir-la-vacuna-contra-el-coronavirus","status":"publish","type":"post","link":"https:\/\/esreviral.com\/?p=1801","title":{"rendered":"66% del personal de salud estar\u00eda dispuesto a recibir la vacuna contra el coronavirus en Argentina"},"content":{"rendered":"\n<p>La secretaria de Acceso a la Salud,&nbsp;<strong>Carla Vizzotti, asegur\u00f3 este mi\u00e9rcoles que el 66% de los trabajadores de 60 hospitales nacionales distribuidos en 13 provincias dijeron que&nbsp;<em>\u00abse aplicar\u00edan la vacuna\u00bb&nbsp;<\/em>contra el coronavirus&nbsp;<\/strong>de acuerdo a una encuesta sobre la percepci\u00f3n del personal de salud sobre el tema.<\/p>\n\n\n\n<p>Del sondeo realizado por el\u00a0Ministerio de Salud\u00a0entre el 12 y el 14 de noviembre, p<strong>articiparon 4.321 trabajadores de \u00e1reas profesionales y administrativas de los hospitales<\/strong>.\u00a0<em>\u00abCuando se les pregunt\u00f3 si se vacunar\u00edan, el 66 por ciento de los trabajadores dijo que s\u00ed, el 21% que no est\u00e1n seguros y el 13% no se dar\u00eda la vacuna si estuviera disponible hoy\u00bb<\/em>, explic\u00f3 la funcionaria durante el reporte epidemiol\u00f3gico.<\/p>\n\n\n\n<p>Al consultarse los motivos por los que se aplicar\u00edan alguna de las vacunas en estudio, Vizzotti explic\u00f3 que las respuestas fueron variadas; entre ellas<em>\u00a0\u00abporque forman parte de los trabajadores esenciales\u00bb<\/em>,\u00a0<em>\u00abpara proteger a la familia\u00bb<\/em>\u00a0o\u00a0<em>\u00abpor protecci\u00f3n personal\u00bb<\/em>.<\/p>\n\n\n\n<p><em>\u00abCuando desglosamos<strong>&nbsp;las respuestas negativas, los trabajadores utilizaron distintos argumentos, como &#8216;no tengo confianza en las vacunas&#8217;, &#8216;esperar\u00eda una segunda o tercera generaci\u00f3n de la vacuna<\/strong>&#8216;, &#8216;podr\u00eda generar riesgo a mi salud&#8217;, &#8216;no tengo confianza en los pa\u00edses que las fabrican&#8217;, &#8216;que los casos pueden bajar solos&#8217; o &#8216;que no es grave la enfermedad'\u00bb<\/em>, mencion\u00f3 la viceministra de Salud.<\/p>\n\n\n\n<p>Adem\u00e1s, se\u00f1al\u00f3 que la encuesta fue&nbsp;<em>\u00abmuy importante para conocer la percepci\u00f3n de los trabajadores de la salud y construir confianza\u00bb<\/em>.<\/p>\n\n\n\n<p>El sondeo tambi\u00e9n pregunt\u00f3 qu\u00e9 aportar\u00eda recibir capacitaci\u00f3n sobre las vacunas en desarrollo, a lo que 40% respondi\u00f3 que \u00abref\u00a0<em>orzar\u00eda lo que ya saben, 37% que les dar\u00eda mayor confianza, 16% que no modificar\u00eda nada y 7% por ciento que podr\u00eda cambiar de opini\u00f3n\u00bb,<\/em>\u00a0agreg\u00f3.<\/p>\n\n\n\n<p class=\"has-text-align-right\"><strong>Cr\u00f3nica.-<\/strong><\/p>\n","protected":false},"excerpt":{"rendered":"<p>La secretaria de Acceso a la Salud dio a conocer los resultados de una encuesta realizada a trabajadores de 60 hospitales nacionales distribuidos en 13 provincias. El 21% no \u00abest\u00e1 seguro\u00bb y el 13% restante, \u00abno se la dar\u00eda\u00bb<\/p>\n","protected":false},"author":2,"featured_media":1802,"comment_status":"open","ping_status":"open","sticky":false,"template":"","format":"standard","meta":{"jnews-multi-image_gallery":[],"jnews_single_post":[],"jnews_primary_category":[],"jnews_social_meta":[],"jnews_review":[],"enable_review":"","type":"","name":"","summary":"","brand":"","sku":"","good":[],"bad":[],"score_override":"","override_value":"","rating":[],"price":[],"jnews_override_counter":[],"jnews_post_split":[],"footnotes":""},"categories":[76],"tags":[44,77,189],"class_list":["post-1801","post","type-post","status-publish","format-standard","has-post-thumbnail","hentry","category-coronavirus","tag-argentina","tag-coronavirus","tag-vacuna"],"amp_enabled":true,"_links":{"self":[{"href":"https:\/\/esreviral.com\/index.php?rest_route=\/wp\/v2\/posts\/1801"}],"collection":[{"href":"https:\/\/esreviral.com\/index.php?rest_route=\/wp\/v2\/posts"}],"about":[{"href":"https:\/\/esreviral.com\/index.php?rest_route=\/wp\/v2\/types\/post"}],"author":[{"embeddable":true,"href":"https:\/\/esreviral.com\/index.php?rest_route=\/wp\/v2\/users\/2"}],"replies":[{"embeddable":true,"href":"https:\/\/esreviral.com\/index.php?rest_route=%2Fwp%2Fv2%2Fcomments&post=1801"}],"version-history":[{"count":0,"href":"https:\/\/esreviral.com\/index.php?rest_route=\/wp\/v2\/posts\/1801\/revisions"}],"wp:featuredmedia":[{"embeddable":true,"href":"https:\/\/esreviral.com\/index.php?rest_route=\/"}],"wp:attachment":[{"href":"https:\/\/esreviral.com\/index.php?rest_route=%2Fwp%2Fv2%2Fmedia&parent=1801"}],"wp:term":[{"taxonomy":"category","embeddable":true,"href":"https:\/\/esreviral.com\/index.php?rest_route=%2Fwp%2Fv2%2Fcategories&post=1801"},{"taxonomy":"post_tag","embeddable":true,"href":"https:\/\/esreviral.com\/index.php?rest_route=%2Fwp%2Fv2%2Ftags&post=1801"}],"curies":[{"name":"wp","href":"https:\/\/api.w.org\/{rel}","templated":true}]}}