{"id":17950,"date":"2022-05-18T08:08:25","date_gmt":"2022-05-18T11:08:25","guid":{"rendered":"https:\/\/esreviral.com\/?p=17950"},"modified":"2022-05-18T08:08:25","modified_gmt":"2022-05-18T11:08:25","slug":"a-medida-que-ee-uu-relaja-las-restricciones-a-cuba-la-habana-se-endurece-con-el-nuevo-codigo-penal","status":"publish","type":"post","link":"https:\/\/esreviral.com\/?p=17950","title":{"rendered":"A medida que EE. UU. relaja las restricciones a Cuba, La Habana se endurece con el nuevo c\u00f3digo penal"},"content":{"rendered":"\n<p class=\"has-drop-cap\">El presidente estadounidense,\u00a0Joe Biden, abri\u00f3 una ventana. Sin mucho ruido medi\u00e1tico quit\u00f3 algunas de las sanciones impuestas contra\u00a0Cuba\u00a0por su antecesor,\u00a0Donald Trump. <\/p>\n\n\n\n<p>Y fue m\u00e1s all\u00e1:\u00a0autoriz\u00f3 a un empresario estadounidense a invertir unos<strong>\u00a025.000 d\u00f3lares en un negocio privado cubano<\/strong>\u00a0del \u00e1rea de servicios,\u00a0<strong>algo in\u00e9dito en la historia de la Revoluci\u00f3n<\/strong>.<\/p>\n\n\n\n<p>En La Habana recogieron el guante: \u201cSe trata de un paso limitado en la direcci\u00f3n correcta\u201d, escribi\u00f3 el\u00a0Granma, el \u00f3rgano oficial del gobernante Partido Comunista, \u00fanico legal en la isla. Pero puertas adentro, el gobierno de\u00a0Miguel D\u00edaz-Canel\u00a0volvi\u00f3 a cerrar filas: aprob\u00f3\u00a0<strong>un nuevo C\u00f3digo Penal\u00a0<\/strong>que, a juicio de la oposici\u00f3n interna, \u201ccriminaliza\u201d a\u00fan m\u00e1s el disenso.<\/p>\n\n\n\n<p>\u201cEl gobierno cubano tendr\u00eda que tener la habilidad de ser receptivo a esta decisi\u00f3n de Biden y verlo como un paso m\u00e1s. Si hay voluntad&nbsp;<strong>se va a destrabar lo que trabe el avance&nbsp;<\/strong>de estos anuncios\u201d, dijo a&nbsp;<strong>TN<\/strong>&nbsp;el economista&nbsp;<strong>Omar Everleny P\u00e9rez<\/strong>, profesor titular de la Universidad de La Habana y exdirector del Centro de Estudios de la Econom\u00eda Cubana.<\/p>\n\n\n\n<p><span style=\"background-color:#a30009\" class=\"td_text_highlight_marker\">Joe Biden removi\u00f3 sanciones impuestas por Donald Trump y abre la canilla a inversiones en la isla<\/span><\/p>\n\n\n\n<p class=\"has-drop-cap\">Los anuncios de Biden no significan el fin de una \u00e9poca ni mucho menos. Se trata de volver hacia atr\u00e1s con algunas de las sanciones impuestas por Trump que ech\u00f3 por tierra la apertura de las relaciones bilaterales impulsada durante el gobierno de&nbsp;<strong>Barack Obama<\/strong>. De hecho, el&nbsp;<strong>embargo<\/strong>&nbsp;o&nbsp;<strong>bloqueo<\/strong>, seg\u00fan lo definen Washington y La Habana, sigue en pie en toda su dimensi\u00f3n.<\/p>\n\n\n\n<p>Sin embargo,&nbsp;<strong>las medidas anunciadas por la Casa Blanca tienen un enorme impacto en la vida de los cubanos<\/strong>. Biden autoriz\u00f3 el aumento de los vuelos hacia la isla y el levantamiento de las restricciones a las remesas que los inmigrantes cubanos pueden enviar a su pa\u00eds. Incluso permitir\u00e1 las \u201cremesas no familiares\u201d para brindar apoyo a&nbsp;<strong>emprendedores independientes cubanos<\/strong>.<\/p>\n\n\n\n<figure class=\"wp-block-image\"><img decoding=\"async\" src=\"https:\/\/tn.com.ar\/resizer\/a7bcoMVJdGIZxvGRDmafzCFygz4=\/767x0\/smart\/filters:quality(60)\/cloudfront-us-east-1.images.arcpublishing.com\/artear\/5AJJS4S6GKMM35V3JF2Q26VQQQ.jpg\" alt=\"El presidente Joe Biden se acerca a Cuba (Foto: AP Foto\/Andrew Harnik)\"\/><figcaption>El presidente Joe Biden se acerca a Cuba (Foto: AP Foto\/Andrew Harnik)<\/figcaption><\/figure>\n\n\n\n<p>En ese marco, el&nbsp;<em>Nuevo Herald<\/em>&nbsp;de Miami anunci\u00f3 que la Casa Blanca autoriz\u00f3 al empresario&nbsp;<strong>John Kavulich<\/strong>, presidente del Consejo Econ\u00f3mico y Comercial Estados Unidos-Cuba, a&nbsp;<strong>invertir y prestar dinero a una peque\u00f1a empresa privada<\/strong>&nbsp;del sector de los servicios en Cuba. El monto es menor a 25.000 d\u00f3lares. Pero<strong>&nbsp;la operaci\u00f3n debe ser aprobada a\u00fan por el gobierno cubano<\/strong>.<\/p>\n\n\n\n<p>La noticia fue inesperada.\u00a0El embargo vigente desde 1960 proh\u00edbe la mayor\u00eda de las transacciones financieras entre ambos pa\u00edses. \u201cEsa autorizaci\u00f3n a un empresario norteamericano a participar de un negocio privado cubano<strong>\u00a0es muy importante. Abre un camino<\/strong>\u201d, opin\u00f3 Everleny P\u00e9rez.<\/p>\n\n\n\n<p>Adem\u00e1s, consider\u00f3 que todas estas medidas anunciadas por Biden, si bien son limitadas, abrir\u00e1n el paso a otras. \u201cLo importante es que se puso la bola del lado cubano.&nbsp;<strong>Cuba tiene ahora que ser receptiva<\/strong>. Al menos es un reconocimiento a que Estados Unidos deb\u00eda cambiar de direcci\u00f3n\u201d, indic\u00f3.<\/p>\n\n\n\n<p>Para el economista, \u201cesto da la posibilidad a aquellas empresas privadas cubanas que quieran desarrollarse a recibir financiamiento o comprar bienes de capital en Estados Unidos. Porque se les va a facilitar\u201d ese camino.<\/p>\n\n\n\n<p><span style=\"background-color:#a30009\" class=\"td_text_highlight_marker\">El nuevo C\u00f3digo Penal cubano: la Revoluci\u00f3n cierra filas tras las protestas del a\u00f1o pasado<\/span><\/p>\n\n\n\n<p>La apertura estadounidense hacia Cuba se conoci\u00f3 cuando el Parlamento cubano aprob\u00f3 un nuevo C\u00f3digo Penal que activistas estiman est\u00e1 dirigido a acallar eventuales\u00a0protestas como las que sacudieron la isla el 11 y 12 de julio del a\u00f1o pasado.<\/p>\n\n\n\n<p><strong>Daniel Triana<\/strong>, coordinador de la plataforma opositora Archipi\u00e9lago, dijo a<strong>&nbsp;TN<\/strong>&nbsp;que se trata de \u201cun retroceso en materia de derechos humanos\u201d.<\/p>\n\n\n\n<p>El activista aclar\u00f3 que no ley\u00f3 \u201ccon rigor\u201d el nuevo C\u00f3digo Penal, pero advirti\u00f3 que este instrumento \u201cda ventajas al gobierno para arreciar a\u00fan m\u00e1s la criminalizaci\u00f3n del disenso. Les da todo el margen discrecional para seguir decidiendo en contra de los que disienten de sus doctrinas y para blindarse de la ciudadan\u00eda\u201d, afirm\u00f3.<\/p>\n\n\n\n<figure class=\"wp-block-image\"><img decoding=\"async\" src=\"https:\/\/tn.com.ar\/resizer\/bg6xFLGKzmVF7eUQpizFDdxjE-Q=\/767x0\/smart\/filters:quality(60)\/cloudfront-us-east-1.images.arcpublishing.com\/artear\/4CRK6HL255ABPPEHC73GDEB4TE.png\" alt=\"El futuro de las relaciones entre Washington y La Habana\"\/><figcaption>El futuro de las relaciones entre Washington y La Habana<\/figcaption><\/figure>\n\n\n\n<p>La norma modifica las condenas para ciertos delitos, mantiene la pena de muerte y no contempla el femicidio. \u201cApuesta por la prevenci\u00f3n y la educaci\u00f3n antes que la represi\u00f3n y tambi\u00e9n prev\u00e9 las sanciones con el suficiente rigor para las actuaciones m\u00e1s graves contra la paz social y la estabilidad de nuestra naci\u00f3n\u2019&#8217;, dijo el presidente del Tribunal Supremo,<strong>\u00a0Rub\u00e9n Remigio Ferro<\/strong>.<\/p>\n\n\n\n<p>La nueva reglamentaci\u00f3n incorpor\u00f3 m\u00e1s figuras criminales para sancionar actividades que las autoridades consideran<strong>&nbsp;\u201csubversivas\u2019&#8217;&nbsp;<\/strong>o contrarias a la seguridad del Estado. Por ejemplo, en la figura de \u201catentado\u201d<strong>&nbsp;se incluy\u00f3 una pena de hasta cinco a\u00f1os para quien insulte o agreda un agente o un civil que est\u00e9 cumpliendo su \u201cdeber ciudadano<\/strong>\u201d.<\/p>\n\n\n\n<p>Pero hay m\u00e1s: establece sanciones de 10 a 30 a\u00f1os y, hasta la pena de muerte en casos extremos, a quien proporcione informaci\u00f3n a organizaciones no gubernamentales, instituciones internacionales, formas asociativas o cualquier persona natural o jur\u00eddica que no est\u00e9 autorizada por el gobierno. Tambi\u00e9n castiga con dos a cinco a\u00f1os de prisi\u00f3n a quien \u201cincite\u2019&#8217; contra el orden socialista. La condena aumenta a 10 a\u00f1os si se usan medios de comunicaci\u00f3n para estos casos.<\/p>\n\n\n\n<p class=\"has-text-align-right\"><strong><em>TN.<\/em><\/strong>&#8211;<\/p>\n","protected":false},"excerpt":{"rendered":"<p>Joe Biden quit\u00f3 algunas sanciones impuestas por Donald Trump y autoriz\u00f3 inversiones en la isla. El gobierno de Miguel D\u00edaz-Canel dijo que es un paso en la direcci\u00f3n correcta.<\/p>\n","protected":false},"author":2,"featured_media":17951,"comment_status":"open","ping_status":"open","sticky":false,"template":"","format":"standard","meta":{"jnews-multi-image_gallery":[],"jnews_single_post":[],"jnews_primary_category":[],"jnews_social_meta":[],"jnews_review":[],"enable_review":"","type":"","name":"","summary":"","brand":"","sku":"","good":[],"bad":[],"score_override":"","override_value":"","rating":[],"price":[],"jnews_override_counter":[],"jnews_post_split":[],"footnotes":""},"categories":[88],"tags":[957,136,45],"class_list":["post-17950","post","type-post","status-publish","format-standard","has-post-thumbnail","hentry","category-internacionales","tag-cuba","tag-estados-unidos","tag-noticias"],"amp_enabled":true,"_links":{"self":[{"href":"https:\/\/esreviral.com\/index.php?rest_route=\/wp\/v2\/posts\/17950"}],"collection":[{"href":"https:\/\/esreviral.com\/index.php?rest_route=\/wp\/v2\/posts"}],"about":[{"href":"https:\/\/esreviral.com\/index.php?rest_route=\/wp\/v2\/types\/post"}],"author":[{"embeddable":true,"href":"https:\/\/esreviral.com\/index.php?rest_route=\/wp\/v2\/users\/2"}],"replies":[{"embeddable":true,"href":"https:\/\/esreviral.com\/index.php?rest_route=%2Fwp%2Fv2%2Fcomments&post=17950"}],"version-history":[{"count":0,"href":"https:\/\/esreviral.com\/index.php?rest_route=\/wp\/v2\/posts\/17950\/revisions"}],"wp:featuredmedia":[{"embeddable":true,"href":"https:\/\/esreviral.com\/index.php?rest_route=\/"}],"wp:attachment":[{"href":"https:\/\/esreviral.com\/index.php?rest_route=%2Fwp%2Fv2%2Fmedia&parent=17950"}],"wp:term":[{"taxonomy":"category","embeddable":true,"href":"https:\/\/esreviral.com\/index.php?rest_route=%2Fwp%2Fv2%2Fcategories&post=17950"},{"taxonomy":"post_tag","embeddable":true,"href":"https:\/\/esreviral.com\/index.php?rest_route=%2Fwp%2Fv2%2Ftags&post=17950"}],"curies":[{"name":"wp","href":"https:\/\/api.w.org\/{rel}","templated":true}]}}