{"id":17943,"date":"2022-05-17T23:37:32","date_gmt":"2022-05-18T02:37:32","guid":{"rendered":"https:\/\/esreviral.com\/?p=17943"},"modified":"2022-05-17T23:37:32","modified_gmt":"2022-05-18T02:37:32","slug":"acusado-de-causar-accidente-donde-murieron-dos-venezolanos-afirmo-no-acordarse-de-lo-ocurrido","status":"publish","type":"post","link":"https:\/\/esreviral.com\/?p=17943","title":{"rendered":"Acusado de causar accidente donde murieron dos venezolanos afirm\u00f3 \u00abno acordarse de lo ocurrido\u00bb"},"content":{"rendered":"\n<p>\u201cAhora no recuerda qu\u00e9 es lo que pas\u00f3\u201d, dijo el abogado de Roberto Patricelli&nbsp;, de 57 a\u00f1os de edad, acusado del doble homicidio de dos venezolanos en un tr\u00e1gico accidente ocurrido en la zona de Palermo de Buenos Aires. <\/p>\n\n\n\n<p>En una primera presentaci\u00f3n el acusado se neg\u00f3 a declarar, en la segunda oportunidad afirm\u00f3 que no se recodaba de nada. Cabe destacar que el hombre ten\u00eda 0,51 grados de alcohol al momento que conduc\u00eda y le hicieron la prueba, adem\u00e1s investigaciones determinaron que iba m\u00e1s de 150 km\/h. <\/p>\n\n\n\n<p>El empresario conduc\u00eda del autom\u00f3vil BMW M3 que provoc\u00f3 un\u00a0choque m\u00faltiple\u00a0frente al Hip\u00f3dromo, por el cual murieron dos personas y otra nueve resultaron heridas, fue indagado en la Unidad Fiscal de Flagrancia \u00c1rea Norte N\u00b07. Su situaci\u00f3n judicial se agrav\u00f3 tras la imputaci\u00f3n de doble homicidio simple con dolo eventual y lesiones agravadas.<\/p>\n\n\n\n<p>Lea tambi\u00e9n: <\/p>\n\n\n\n<figure class=\"wp-block-embed is-type-rich is-provider-twitter wp-block-embed-twitter\"><div class=\"wp-block-embed__wrapper\">\n<blockquote class=\"twitter-tweet\" data-width=\"500\" data-dnt=\"true\"><p lang=\"es\" dir=\"ltr\"><a href=\"https:\/\/twitter.com\/hashtag\/17may?src=hash&amp;ref_src=twsrc%5Etfw\">#17may<\/a> As\u00ed ir\u00eda conduciendo el BMW, el hombre acusado de causar el accidente en Palermo, Buenos Aires, donde perdieron la vida dos venezolanos <a href=\"https:\/\/t.co\/kofNykIMVh\">pic.twitter.com\/kofNykIMVh<\/a><\/p>&mdash; ES RE VIRAL (@esreviral) <a href=\"https:\/\/twitter.com\/esreviral\/status\/1526741002702102529?ref_src=twsrc%5Etfw\">May 18, 2022<\/a><\/blockquote><script async src=\"https:\/\/platform.twitter.com\/widgets.js\" charset=\"utf-8\"><\/script>\n<\/div><\/figure>\n","protected":false},"excerpt":{"rendered":"<p>El empresario conduc\u00eda del autom\u00f3vil BMW M3 que provoc\u00f3 un\u00a0choque m\u00faltiple\u00a0frente al Hip\u00f3dromo<\/p>\n","protected":false},"author":2,"featured_media":17944,"comment_status":"open","ping_status":"open","sticky":false,"template":"","format":"standard","meta":{"jnews-multi-image_gallery":[],"jnews_single_post":[],"jnews_primary_category":[],"jnews_social_meta":[],"jnews_review":[],"enable_review":"","type":"","name":"","summary":"","brand":"","sku":"","good":[],"bad":[],"score_override":"","override_value":"","rating":[],"price":[],"jnews_override_counter":[],"jnews_post_split":[],"footnotes":""},"categories":[64],"tags":[44,45,67],"class_list":["post-17943","post","type-post","status-publish","format-standard","has-post-thumbnail","hentry","category-sucesos","tag-argentina","tag-noticias","tag-venezolanos-en-argentina"],"amp_enabled":true,"_links":{"self":[{"href":"https:\/\/esreviral.com\/index.php?rest_route=\/wp\/v2\/posts\/17943"}],"collection":[{"href":"https:\/\/esreviral.com\/index.php?rest_route=\/wp\/v2\/posts"}],"about":[{"href":"https:\/\/esreviral.com\/index.php?rest_route=\/wp\/v2\/types\/post"}],"author":[{"embeddable":true,"href":"https:\/\/esreviral.com\/index.php?rest_route=\/wp\/v2\/users\/2"}],"replies":[{"embeddable":true,"href":"https:\/\/esreviral.com\/index.php?rest_route=%2Fwp%2Fv2%2Fcomments&post=17943"}],"version-history":[{"count":0,"href":"https:\/\/esreviral.com\/index.php?rest_route=\/wp\/v2\/posts\/17943\/revisions"}],"wp:featuredmedia":[{"embeddable":true,"href":"https:\/\/esreviral.com\/index.php?rest_route=\/"}],"wp:attachment":[{"href":"https:\/\/esreviral.com\/index.php?rest_route=%2Fwp%2Fv2%2Fmedia&parent=17943"}],"wp:term":[{"taxonomy":"category","embeddable":true,"href":"https:\/\/esreviral.com\/index.php?rest_route=%2Fwp%2Fv2%2Fcategories&post=17943"},{"taxonomy":"post_tag","embeddable":true,"href":"https:\/\/esreviral.com\/index.php?rest_route=%2Fwp%2Fv2%2Ftags&post=17943"}],"curies":[{"name":"wp","href":"https:\/\/api.w.org\/{rel}","templated":true}]}}