{"id":17932,"date":"2022-05-17T17:07:31","date_gmt":"2022-05-17T20:07:31","guid":{"rendered":"https:\/\/esreviral.com\/?p=17932"},"modified":"2022-05-17T17:07:31","modified_gmt":"2022-05-17T20:07:31","slug":"dia-mundial-contra-la-homofobia-transfobia-y-bifobia-por-que-se-conmemora-hoy-17-de-mayo","status":"publish","type":"post","link":"https:\/\/esreviral.com\/?p=17932","title":{"rendered":"D\u00eda Mundial contra la Homofobia, Transfobia y Bifobia: \u00bfpor qu\u00e9 se conmemora hoy, 17 de mayo?"},"content":{"rendered":"\n<p class=\"has-drop-cap\">El 17 de mayo es el\u00a0D\u00eda Internacional contra la Homofobia, la Transfobia y la Bifobia, en conmemoraci\u00f3n a la decisi\u00f3n de la Organizaci\u00f3n Mundial de la Salud (OMS) de eliminar, en 1990, la homosexualidad de la lista de enfermedades mentales, dando cuenta de que la patologizaci\u00f3n era un acto de discriminaci\u00f3n.<\/p>\n\n\n\n<p>Esta fecha tambi\u00e9n es conocida como el D\u00eda internacional de la Lucha contra la Discriminaci\u00f3n por Orientaci\u00f3n Sexual e Identidad de G\u00e9nero, de modo de explicitar que el odio o rechazo a las personas homosexuales, transexuales o bisexuales son producto de un aprendizaje social, no de la fobia o el miedo.<\/p>\n\n\n\n<p>En 2015 se incorpor\u00f3 la bifobia al nombre de la campa\u00f1a para hacer alusi\u00f3n a la discriminaci\u00f3n que sienten las personas bisexuales o que se autoperciben como tales y la correlativa negaci\u00f3n de la existencia de la bisexualidad como tal.<\/p>\n\n\n\n<p>Si bien todas las personas nacen libres e iguales en dignidad y derechos, en el mundo actualmente existen pol\u00edticas y pr\u00e1cticas discriminatorias contra las personas lesbianas, gays, bisexuales, transg\u00e9nero e intersexuales (LGBTI).<\/p>\n\n\n\n<p>Esta conmemoraci\u00f3n se consolida como un d\u00eda de visibilidad, promoci\u00f3n y reclamo de los derechos humanos de esta poblaci\u00f3n a nivel internacional.<\/p>\n\n\n\n<p><span style=\"background-color:#a30004\" class=\"td_text_highlight_marker\">D\u00cdA MUNDIAL CONTRA LA HOMOFOBIA, TRANSFOBIA Y BIFOBIA: QU\u00c9 PASA EN EL MUNDO<\/span><\/p>\n\n\n\n<p>En m\u00e1s de 70pa\u00edses, al d\u00eda de hoy, criminalizan la homosexualidad y la condenan con penas de prisi\u00f3n. Incluso mantienen la pena de muerte para estos casos. Por otra parte, s\u00f3lo 62 naciones tienen pol\u00edticas de protecci\u00f3n contra el colectivo LGBTI.<\/p>\n\n\n\n<p><span style=\"background-color:#a3000d\" class=\"td_text_highlight_marker\">D\u00cdA MUNDIAL CONTRA LA HOMOFOBIA, TRANSFOBIA Y BIFOBIA: EL SIGNIFICADO DE CADA T\u00c9RMINO<\/span><\/p>\n\n\n\n<p>La homofobia es el odio irracional que se tiene hacia la homosexualidad, el cual conduce a la violencia y a la discriminaci\u00f3n hacia quienes tienen dicha orientaci\u00f3n sexual. Puede tomar muchas formas diferentes y manifestarse a trav\u00e9s de otros sentimientos como el rechazo, la repulsi\u00f3n, la l\u00e1stima y la intolerancia.<\/p>\n\n\n\n<p>La transfobia es un neologismo que hace referencia al conjunto de ideas y fen\u00f3menos que abarcan una serie de actitudes, sentimientos o acciones negativas hacia las personas transg\u00e9nero o la transexualidad en general.<\/p>\n\n\n\n<p>La bifobia es un t\u00e9rmino utilizado para describir el odio, la aversi\u00f3n o la discriminaci\u00f3n contra la bisexualidad, contra las personas bisexuales o que se perciben a s\u00ed mismas como bisexuales. Es una variaci\u00f3n de la palabra homofobia.<\/p>\n\n\n\n<p class=\"has-text-align-right\"><strong><em>Lavoz.-<\/em><\/strong><\/p>\n","protected":false},"excerpt":{"rendered":"<p>La fecha recuerda el 17 de mayo de 1990, cuando la Organizaci\u00f3n Mundial de la Salud (OMS) elimin\u00f3 a la homosexualidad del cap\u00edtulo de Trastornos mentales de su Clasificaci\u00f3n Internacional de las Enfermedades.<\/p>\n","protected":false},"author":2,"featured_media":17933,"comment_status":"open","ping_status":"open","sticky":false,"template":"","format":"standard","meta":{"jnews-multi-image_gallery":[],"jnews_single_post":[],"jnews_primary_category":[],"jnews_social_meta":[],"jnews_review":[],"enable_review":"","type":"","name":"","summary":"","brand":"","sku":"","good":[],"bad":[],"score_override":"","override_value":"","rating":[],"price":[],"jnews_override_counter":[],"jnews_post_split":[],"footnotes":""},"categories":[58],"tags":[2147,45,2148],"class_list":["post-17932","post","type-post","status-publish","format-standard","has-post-thumbnail","hentry","category-argentina","tag-dia-mundial-contra-la-homofobia","tag-noticias","tag-transfobia"],"amp_enabled":true,"_links":{"self":[{"href":"https:\/\/esreviral.com\/index.php?rest_route=\/wp\/v2\/posts\/17932"}],"collection":[{"href":"https:\/\/esreviral.com\/index.php?rest_route=\/wp\/v2\/posts"}],"about":[{"href":"https:\/\/esreviral.com\/index.php?rest_route=\/wp\/v2\/types\/post"}],"author":[{"embeddable":true,"href":"https:\/\/esreviral.com\/index.php?rest_route=\/wp\/v2\/users\/2"}],"replies":[{"embeddable":true,"href":"https:\/\/esreviral.com\/index.php?rest_route=%2Fwp%2Fv2%2Fcomments&post=17932"}],"version-history":[{"count":0,"href":"https:\/\/esreviral.com\/index.php?rest_route=\/wp\/v2\/posts\/17932\/revisions"}],"wp:featuredmedia":[{"embeddable":true,"href":"https:\/\/esreviral.com\/index.php?rest_route=\/"}],"wp:attachment":[{"href":"https:\/\/esreviral.com\/index.php?rest_route=%2Fwp%2Fv2%2Fmedia&parent=17932"}],"wp:term":[{"taxonomy":"category","embeddable":true,"href":"https:\/\/esreviral.com\/index.php?rest_route=%2Fwp%2Fv2%2Fcategories&post=17932"},{"taxonomy":"post_tag","embeddable":true,"href":"https:\/\/esreviral.com\/index.php?rest_route=%2Fwp%2Fv2%2Ftags&post=17932"}],"curies":[{"name":"wp","href":"https:\/\/api.w.org\/{rel}","templated":true}]}}