{"id":17929,"date":"2022-05-17T12:13:50","date_gmt":"2022-05-17T15:13:50","guid":{"rendered":"https:\/\/esreviral.com\/?p=17929"},"modified":"2022-05-17T12:13:50","modified_gmt":"2022-05-17T15:13:50","slug":"la-95-edicion-de-los-oscar-se-celebrara-el-12-de-marzo-de-2023","status":"publish","type":"post","link":"https:\/\/esreviral.com\/?p=17929","title":{"rendered":"La 95 edici\u00f3n de los \u00d3scar se celebrar\u00e1 el 12 de marzo de 2023"},"content":{"rendered":"\n<p class=\"has-drop-cap\">La 95 edici\u00f3n de los premios&nbsp;<strong>\u00d3scar<\/strong>&nbsp;se celebrar\u00e1 el domingo 12 de marzo de 2023 en el teatro&nbsp;<strong>Dolby de Los \u00c1ngeles&nbsp;<\/strong>(EE.UU.), anunci\u00f3 este viernes la Academia de Hollywood a trav\u00e9s de un comunicado difundido en sus redes sociales.<\/p>\n\n\n\n<p>La Academia de\u00a0<strong>Artes y Ciencias Cinematogr\u00e1ficas,\u00a0<\/strong>nombre oficial de la instituci\u00f3n, decidi\u00f3 que por segundo a\u00f1o consecutivo la gala en la que se conceden los galardones m\u00e1s relevantes del sector del cine a nivel mundial se realice en el mes de marzo.<\/p>\n\n\n\n<p>Adem\u00e1s, la organizaci\u00f3n inform\u00f3 ya que la cadena estadounidense<strong>\u00a0ABC\u00a0<\/strong>volver\u00e1 a ser la encargada de televisar la ceremonia, en una emisi\u00f3n internacional que lidera de forma ininterrumpida desde 1976 y que, seg\u00fan la Academia, alcanza hasta 200 territorios repartidos por todo el mundo.<\/p>\n\n\n\n<p>Antes de la entrega de premios, las producciones que aspiren a estar en los\u00a0<strong>\u00d3scar<\/strong>\u00a0deber\u00e1n presentar sus proyectos a las categor\u00edas generales con fecha l\u00edmite el 15 de noviembre.<\/p>\n\n\n\n<p><strong>El 12 de diciembre\u00a0<\/strong>ser\u00e1 cuando se inicie la votaci\u00f3n preliminar que tendr\u00e1 como resultado una lista reducida de candidaturas al \u00d3scar, y que se har\u00e1 p\u00fablica el 21 de diciembre.<\/p>\n\n\n\n<p>Por su parte, la elecci\u00f3n de los finalistas nominados a la estatuilla dorada en las distintas categor\u00edas tendr\u00e1 lugar entre el 12 y el 17 de enero y se anunciar\u00e1n el 24 de ese mismo mes.<\/p>\n\n\n\n<p>Finalmente, la votaci\u00f3n definitiva de<strong>&nbsp;los ganadores de la 95 edici\u00f3n de los premios \u00d3scar se producir\u00e1 entre el 2 y 7 de marzo.<\/strong><\/p>\n\n\n\n<p>La Academia de Hollywood buscar\u00e1 en esta edici\u00f3n redimirse de la controvertida bofetada del oscarizado Will Smith al comediante Chris Rock durante la gala de este a\u00f1o, en una de las mayores pol\u00e9micas de su historia.<\/p>\n\n\n\n<p class=\"has-text-align-right\"><em><strong>el<\/strong><\/em><strong><em>espectador.com<\/em><\/strong><\/p>\n","protected":false},"excerpt":{"rendered":"<p>La organizaci\u00f3n inform\u00f3 ya que la cadena estadounidense ABC volver\u00e1 a ser la encargada de televisar la ceremonia, en una emisi\u00f3n internacional que lidera de forma ininterrumpida desde 1976 y que, seg\u00fan la Academia, alcanza hasta 200 territorios repartidos por todo el mundo.<\/p>\n","protected":false},"author":2,"featured_media":17930,"comment_status":"open","ping_status":"open","sticky":false,"template":"","format":"standard","meta":{"jnews-multi-image_gallery":[],"jnews_single_post":[],"jnews_primary_category":[],"jnews_social_meta":[],"jnews_review":[],"enable_review":"","type":"","name":"","summary":"","brand":"","sku":"","good":[],"bad":[],"score_override":"","override_value":"","rating":[],"price":[],"jnews_override_counter":[],"jnews_post_split":[],"footnotes":""},"categories":[50],"tags":[45,753],"class_list":["post-17929","post","type-post","status-publish","format-standard","has-post-thumbnail","hentry","category-entretenimiento","tag-noticias","tag-premios-oscar"],"amp_enabled":true,"_links":{"self":[{"href":"https:\/\/esreviral.com\/index.php?rest_route=\/wp\/v2\/posts\/17929"}],"collection":[{"href":"https:\/\/esreviral.com\/index.php?rest_route=\/wp\/v2\/posts"}],"about":[{"href":"https:\/\/esreviral.com\/index.php?rest_route=\/wp\/v2\/types\/post"}],"author":[{"embeddable":true,"href":"https:\/\/esreviral.com\/index.php?rest_route=\/wp\/v2\/users\/2"}],"replies":[{"embeddable":true,"href":"https:\/\/esreviral.com\/index.php?rest_route=%2Fwp%2Fv2%2Fcomments&post=17929"}],"version-history":[{"count":0,"href":"https:\/\/esreviral.com\/index.php?rest_route=\/wp\/v2\/posts\/17929\/revisions"}],"wp:featuredmedia":[{"embeddable":true,"href":"https:\/\/esreviral.com\/index.php?rest_route=\/"}],"wp:attachment":[{"href":"https:\/\/esreviral.com\/index.php?rest_route=%2Fwp%2Fv2%2Fmedia&parent=17929"}],"wp:term":[{"taxonomy":"category","embeddable":true,"href":"https:\/\/esreviral.com\/index.php?rest_route=%2Fwp%2Fv2%2Fcategories&post=17929"},{"taxonomy":"post_tag","embeddable":true,"href":"https:\/\/esreviral.com\/index.php?rest_route=%2Fwp%2Fv2%2Ftags&post=17929"}],"curies":[{"name":"wp","href":"https:\/\/api.w.org\/{rel}","templated":true}]}}