{"id":17925,"date":"2022-05-17T11:33:34","date_gmt":"2022-05-17T14:33:34","guid":{"rendered":"https:\/\/esreviral.com\/?p=17925"},"modified":"2022-05-17T11:33:34","modified_gmt":"2022-05-17T14:33:34","slug":"en-chile-aprueban-proyecto-para-reemplazar-palabra-mujer-por-persona-menstruante","status":"publish","type":"post","link":"https:\/\/esreviral.com\/?p=17925","title":{"rendered":"En Chile aprueban proyecto para reemplazar palabra \u00abmujer\u00bb por \u00abpersona menstruante\u00bb"},"content":{"rendered":"\n<p class=\"has-drop-cap\">Con la idea legislativa se quiere imponer en el parlamento la \u00abneolengua progre\u00bb, gracias a la coalici\u00f3n del presidente Boric.<\/p>\n\n\n\n<h4 class=\"wp-block-heading\">De acuerdo a la diputada Emilia Schneider, el t\u00e9rmino de \u00abmujer\u00bb ser\u00eda manipulado en favor de hombres trans, personas no binarias, queer, u otras variantes de g\u00e9nero, quienes biol\u00f3gicamente han nacido con sexo femenino, pero no se identifican con \u00e9l.<\/h4>\n\n\n\n<p>Por su parte, la diputada republicana Chiara Barchiesi manifest\u00f3 que se trata de \u00abproyecto ideol\u00f3gico. Controlando el lenguaje controlas el pensamiento\u00bb, argumentando que las mujeres \u00abhan sido borradas e invisibilizadas cuando son las \u00fanicas que atravesamos el proceso biol\u00f3gico de la menstruaci\u00f3n\u00bb.<\/p>\n\n\n\n<p><strong><span style=\"background-color:#a30009\" class=\"td_text_highlight_marker\">Proyecto<\/span><\/strong><\/p>\n\n\n\n<p>El proyecto fue ingresado en septiembre de 2021 por la entonces diputada Maya Fern\u00e1ndez y cont\u00f3 con firmas de sectores transversales en la C\u00e1mara Baja.<\/p>\n\n\n\n<p>El art\u00edculo plantea que \u00abel Estado de Chile reconoce que todas las personas con capacidad para menstruar, independientemente de su condici\u00f3n, son titulares del derecho a una gesti\u00f3n menstrual libre y digna\u00bb.<\/p>\n\n\n\n<p>\u00abEs deber del Estado apoyar, favorecer y promover las diversas pol\u00edticas p\u00fablicas que se generen para su adecuado ejercicio\u00bb, agrega.<\/p>\n\n\n\n<p><em><strong><span style=\"background-color:#a30009\" class=\"td_text_highlight_marker\">As\u00ed mismo, detalla que el Estado debe:<\/span><\/strong><\/em><\/p>\n\n\n\n<p>a) Fomentar una buena salud y gesti\u00f3n menstrual para contribuir al bienestar de las personas con capacidad para menstruar y promover, de esta manera, la equidad de g\u00e9nero.<\/p>\n\n\n\n<p>b) Facilitar el derecho al acceso a productos de gesti\u00f3n menstrual que sean sometidos a un estricto control de calidad con el fin de asegurar que no contengan agentes da\u00f1inos que afecten al bienestar de las personas con capacidad para menstruar.<\/p>\n\n\n\n<p>c) Fomentar la implementaci\u00f3n, para toda la poblaci\u00f3n, de programas de acceso al conocimiento e informaci\u00f3n veraz y adecuada sobre la menstruaci\u00f3n y sus v\u00ednculos con la salud.<\/p>\n\n\n\n<p>d) Propender a la erradicaci\u00f3n de ideas preconcebidas que puedan dar lugar a tab\u00faes y sesgos en relaci\u00f3n con la menstruaci\u00f3n.<\/p>\n\n\n\n<p>e) Promover el uso de productos de gesti\u00f3n menstrual sustentables.<\/p>\n\n\n\n<p>f) Facilitar la capacitaci\u00f3n de los profesionales de la educaci\u00f3n sobre los distintos elementos de la salud y gesti\u00f3n menstrual.<\/p>\n\n\n\n<p>A la par, el proyecto define como productos de gesti\u00f3n menstrual a aquellos que sean exclusivamente aptos para su utilizaci\u00f3n durante la menstruaci\u00f3n.<\/p>\n\n\n\n<p>Por otro lado, agrega que estos productos se deber\u00e1n considerar incluidos dentro de los insumos requeridos para la Central de Abastecimiento del Sistema Nacional de Servicios de Salud.<\/p>\n\n\n\n<p class=\"has-text-align-right\"><strong><em>elnacional.com.do<\/em><\/strong><\/p>\n","protected":false},"excerpt":{"rendered":"<p>El Congreso chileno aprob\u00f3 un nuevo proyecto que busca omitir la palabra \u00abmujer\u00bb y reemplazarla por el t\u00e9rmino \u00abpersona menstruante\u00bb, con dicha aprobaci\u00f3n la iniciativa ahora pasa al Senado.<\/p>\n","protected":false},"author":2,"featured_media":17926,"comment_status":"open","ping_status":"open","sticky":false,"template":"","format":"standard","meta":{"jnews-multi-image_gallery":[],"jnews_single_post":[],"jnews_primary_category":[],"jnews_social_meta":[],"jnews_review":[],"enable_review":"","type":"","name":"","summary":"","brand":"","sku":"","good":[],"bad":[],"score_override":"","override_value":"","rating":[],"price":[],"jnews_override_counter":[],"jnews_post_split":[],"footnotes":""},"categories":[88],"tags":[386,45,2145,2002],"class_list":["post-17925","post","type-post","status-publish","format-standard","has-post-thumbnail","hentry","category-internacionales","tag-chile","tag-noticias","tag-persona-menstruante","tag-proyecto"],"amp_enabled":true,"_links":{"self":[{"href":"https:\/\/esreviral.com\/index.php?rest_route=\/wp\/v2\/posts\/17925"}],"collection":[{"href":"https:\/\/esreviral.com\/index.php?rest_route=\/wp\/v2\/posts"}],"about":[{"href":"https:\/\/esreviral.com\/index.php?rest_route=\/wp\/v2\/types\/post"}],"author":[{"embeddable":true,"href":"https:\/\/esreviral.com\/index.php?rest_route=\/wp\/v2\/users\/2"}],"replies":[{"embeddable":true,"href":"https:\/\/esreviral.com\/index.php?rest_route=%2Fwp%2Fv2%2Fcomments&post=17925"}],"version-history":[{"count":0,"href":"https:\/\/esreviral.com\/index.php?rest_route=\/wp\/v2\/posts\/17925\/revisions"}],"wp:featuredmedia":[{"embeddable":true,"href":"https:\/\/esreviral.com\/index.php?rest_route=\/"}],"wp:attachment":[{"href":"https:\/\/esreviral.com\/index.php?rest_route=%2Fwp%2Fv2%2Fmedia&parent=17925"}],"wp:term":[{"taxonomy":"category","embeddable":true,"href":"https:\/\/esreviral.com\/index.php?rest_route=%2Fwp%2Fv2%2Fcategories&post=17925"},{"taxonomy":"post_tag","embeddable":true,"href":"https:\/\/esreviral.com\/index.php?rest_route=%2Fwp%2Fv2%2Ftags&post=17925"}],"curies":[{"name":"wp","href":"https:\/\/api.w.org\/{rel}","templated":true}]}}