{"id":17922,"date":"2022-05-17T10:51:48","date_gmt":"2022-05-17T13:51:48","guid":{"rendered":"https:\/\/esreviral.com\/?p=17922"},"modified":"2022-05-17T10:51:48","modified_gmt":"2022-05-17T13:51:48","slug":"rige-un-paro-de-colectivos-en-las-provincias","status":"publish","type":"post","link":"https:\/\/esreviral.com\/?p=17922","title":{"rendered":"Rige un paro de colectivos en las provincias"},"content":{"rendered":"\n<p class=\"has-drop-cap\">La Uni\u00f3n Tranviarios Automotor (UTA) cumple desde esta medianoche con un paro de colectivos por 72 horas en el interior del pa\u00eds ante la falta de un acuerdo en el marco de las negociaciones salariales.<\/p>\n\n\n\n<p>La medida de fuerza&nbsp;<strong>no afecta los servicios en la ciudad de Buenos Aires y el conurbano bonaerense.<\/strong><\/p>\n\n\n\n<p>El paro se reanudar\u00e1 el jueves y viernes pr\u00f3ximos ya que los dirigentes gremiales decidieron no hacer la huelga los tres d\u00edas seguidos para ma\u00f1ana poder brindar servicio durante el censo.<\/p>\n\n\n\n<p>En la noche del lunes, el gremio que conduce Roberto Fern\u00e1ndez inform\u00f3 en un comunicado que<strong>&nbsp;\u00abhabi\u00e9ndose agotado toda instancia de negociaci\u00f3n propiciada por el Ministerio de Trabajo de la Naci\u00f3n, no se ha conseguido el acuerdo que venimos reclamando\u00bb.<\/strong><\/p>\n\n\n\n<p>En ese marco, la UTA responsabiliz\u00f3 \u00abde todas las consecuencias de cualquier medida de acci\u00f3n gremial a la total negativa a acordar los sueldos de los trabajadores del transporte de pasajeros del interior del pa\u00eds y a pretender negociar salarios diferentes a los del \u00c1rea Metropolitana de Buenos Aires\u00bb.<\/p>\n\n\n\n<p>\u00abNuestro pedido ha sido en todo momento claro, pretendiendo \u00fanicamente trabajar, y cobrar los salarios que leg\u00edtimamente nos corresponden. No vamos a permitir que nos condenen a salarios de pobreza. Por eso ratificamos la medida de acci\u00f3n gremial por 72 horas\u00bb, a\u00f1adi\u00f3 en el texto.<\/p>\n\n\n\n<p>Finalmente, subray\u00f3: \u00abContinuaremos poni\u00e9ndonos a disposici\u00f3n de todas las partes intervinientes en la negociaci\u00f3n, durante el transcurso de la presente medida de acci\u00f3n gremial, a efecto de lograr el acuerdo salarial que los trabajadores del transporte de pasajeros del interior merecen\u00bb.<\/p>\n\n\n\n<p class=\"has-text-align-right\"><strong><em>Telam.-<\/em><\/strong><\/p>\n","protected":false},"excerpt":{"rendered":"<p>La medida de fuerza impulsada por la Uni\u00f3n Tranviarios Automotor no afecta los servicios en la ciudad de Buenos Aires ni en el conurbano bonaerense. El gremio reclama para los choeferes el mismo salario que perciben los trabajadores del AMBA.<\/p>\n","protected":false},"author":2,"featured_media":17923,"comment_status":"open","ping_status":"open","sticky":false,"template":"","format":"standard","meta":{"jnews-multi-image_gallery":[],"jnews_single_post":[],"jnews_primary_category":[],"jnews_social_meta":[],"jnews_review":[],"enable_review":"","type":"","name":"","summary":"","brand":"","sku":"","good":[],"bad":[],"score_override":"","override_value":"","rating":[],"price":[],"jnews_override_counter":[],"jnews_post_split":[],"footnotes":""},"categories":[58],"tags":[44,2143,45,2144,1387,780],"class_list":["post-17922","post","type-post","status-publish","format-standard","has-post-thumbnail","hentry","category-argentina","tag-argentina","tag-colectivos","tag-noticias","tag-omnibus","tag-paro","tag-paro-de-transporte"],"amp_enabled":true,"_links":{"self":[{"href":"https:\/\/esreviral.com\/index.php?rest_route=\/wp\/v2\/posts\/17922"}],"collection":[{"href":"https:\/\/esreviral.com\/index.php?rest_route=\/wp\/v2\/posts"}],"about":[{"href":"https:\/\/esreviral.com\/index.php?rest_route=\/wp\/v2\/types\/post"}],"author":[{"embeddable":true,"href":"https:\/\/esreviral.com\/index.php?rest_route=\/wp\/v2\/users\/2"}],"replies":[{"embeddable":true,"href":"https:\/\/esreviral.com\/index.php?rest_route=%2Fwp%2Fv2%2Fcomments&post=17922"}],"version-history":[{"count":0,"href":"https:\/\/esreviral.com\/index.php?rest_route=\/wp\/v2\/posts\/17922\/revisions"}],"wp:featuredmedia":[{"embeddable":true,"href":"https:\/\/esreviral.com\/index.php?rest_route=\/"}],"wp:attachment":[{"href":"https:\/\/esreviral.com\/index.php?rest_route=%2Fwp%2Fv2%2Fmedia&parent=17922"}],"wp:term":[{"taxonomy":"category","embeddable":true,"href":"https:\/\/esreviral.com\/index.php?rest_route=%2Fwp%2Fv2%2Fcategories&post=17922"},{"taxonomy":"post_tag","embeddable":true,"href":"https:\/\/esreviral.com\/index.php?rest_route=%2Fwp%2Fv2%2Ftags&post=17922"}],"curies":[{"name":"wp","href":"https:\/\/api.w.org\/{rel}","templated":true}]}}