{"id":17915,"date":"2022-05-17T09:28:00","date_gmt":"2022-05-17T12:28:00","guid":{"rendered":"https:\/\/esreviral.com\/?p=17915"},"modified":"2022-05-17T09:28:00","modified_gmt":"2022-05-17T12:28:00","slug":"biden-suaviza-la-politica-hacia-cuba-al-permitir-mas-vuelos-transferencias-de-dinero-y-reunificaciones-familiares","status":"publish","type":"post","link":"https:\/\/esreviral.com\/?p=17915","title":{"rendered":"Biden suaviza la pol\u00edtica hacia Cuba al permitir m\u00e1s vuelos, transferencias de dinero y reunificaciones familiares"},"content":{"rendered":"\n<p class=\"has-drop-cap\">El Gobierno del presidente de Estados Unidos, Joe Biden, ha anunciado este lunes que restablecer\u00e1 los vuelos comerciales regulares y ch\u00e1rter a Cuba, que ahora solo llegaban a La Habana, y que suspender\u00e1 el l\u00edmite de 1.000 d\u00f3lares por trimestre a las remesas, dando marcha atr\u00e1s en\u00a0algunas de las medidas m\u00e1s duras de su antecesor, Donald Trump, seg\u00fan\u00a0un comunicado del Departamento de Estado.<\/p>\n\n\n\n<p>Biden se hab\u00eda comprometido durante la campa\u00f1a electoral de las elecciones presidenciales de 2020 a revertir algunas de las restricciones impuestas por Trump en la pol\u00edtica de Estados Unidos hacia Cuba y que acabaron por completo con los gestos de distensi\u00f3n y apertura realizados en el mandato del presidente Barack Obama.<\/p>\n\n\n\n<p>La pol\u00edtica dura hacia Cuba tiene el apoyo de un sector conservador cubanoamericano que resulta clave electoralmente en el sur de Florida. El Gobierno de Biden es consciente de ello, pero lo cierto es que sus posibilidades electorales en Florida ya estaban da\u00f1adas. Pero incluso dentro de su partido hay resistencias. El senador por Nueva Jersey Bob Menendez, que preside la Comisi\u00f3n de Relaciones Exteriores de la C\u00e1mara de Representantes, dijo: \u201dEl anuncio de hoy corre el riesgo de enviar el mensaje equivocado a la gente equivocada, en el momento equivocado y por todas las razones equivocadas\u201d.<\/p>\n\n\n\n<p>El comunicado del Departamento de Estado no ha facilitado informaci\u00f3n acerca de los plazos de puesta en marcha de las nuevas medidas ni del procedimiento para su ejecuci\u00f3n.<\/p>\n\n\n\n<figure class=\"wp-block-image size-large\"><img decoding=\"async\" src=\"https:\/\/cnnespanol.cnn.com\/wp-content\/uploads\/2022\/05\/cuba-041621-super-tease.jpg?quality=100&amp;strip=info&amp;w=1024\" alt=\"\"\/><\/figure>\n\n\n\n<p><strong><span style=\"background-color:#a30004\" class=\"td_text_highlight_marker\">M\u00e1s visados<\/span><\/strong><\/p>\n\n\n\n<p>El Gobierno estadounidense reestablece el programa de reunificaci\u00f3n familiar y anuncia que aumentar\u00e1 los servicios consulares y la tramitaci\u00f3n de visados, \u201chaciendo posible que m\u00e1s cubanos se re\u00fanan con sus familias en Estados Unidos a trav\u00e9s de los canales regulares de migraci\u00f3n\u201d. \u201cFacilitaremos que las familias visiten a sus parientes en Cuba y que los viajeros estadounidenses autorizados se relacionen con el pueblo cubano, asistan a reuniones y realicen investigaciones\u201d, a\u00f1ade el Departamento de Estado. Washington intentar\u00e1 expedir 20.000 visados de inmigrante al a\u00f1o, seg\u00fan fuentes del Departamento de Estado.<\/p>\n\n\n\n<p>Menendez tambi\u00e9n critic\u00f3 esas medidas: \u201cPara ser claros, aquellos que todav\u00eda creen que el aumento de los viajes generar\u00e1 democracia en Cuba est\u00e1n simplemente en un estado de negaci\u00f3n. Durante d\u00e9cadas, el mundo ha estado viajando a Cuba y nada ha cambiado\u201d, dijo.<\/p>\n\n\n\n<p>Junto a esas medidas de car\u00e1cter m\u00e1s personal, el Gobierno de Joe Biden pondr\u00e1 en marcha un paquete de apertura y promoci\u00f3n de lazos econ\u00f3micos entre los dos pa\u00edses. As\u00ed, anuncia que fomentar\u00e1 el crecimiento del sector privado cubano apoyando un mayor acceso a los servicios de Internet, aplicaciones y plataformas de comercio electr\u00f3nico de Estados Unidos. \u201cApoyaremos nuevas v\u00edas para los pagos electr\u00f3nicos y para las actividades comerciales de Estados Unidos con empresarios cubanos independientes, incluso mediante un mayor acceso a la microfinanciaci\u00f3n y la formaci\u00f3n\u201d, a\u00f1ade el departamento de Antony Blinken.<\/p>\n\n\n\n<p>Adem\u00e1s de levantar el m\u00e1ximo de 1.000 d\u00f3lares por trimestre en remesas familiares, Estados Unidos tambi\u00e9n apoyar\u00e1 las remesas de donaci\u00f3n a los empresarios cubanos, para que \u201clos empresarios puedan ampliar sus negocios\u201d.<\/p>\n\n\n\n<p>\u201cLa pol\u00edtica de la Administraci\u00f3n hacia Cuba sigue centr\u00e1ndose en primer lugar en el apoyo al pueblo cubano, incluidos sus derechos humanos y su bienestar pol\u00edtico y econ\u00f3mico. Hoy, la Administraci\u00f3n ha anunciado medidas para apoyar a\u00fan m\u00e1s al pueblo cubano, proporcion\u00e1ndoles herramientas adicionales para perseguir una vida libre de la opresi\u00f3n del gobierno cubano y para buscar mayores oportunidades econ\u00f3micas\u201d, dice\u00a0el comunicado del Departamento de Estado.<\/p>\n\n\n\n<p><span style=\"background-color:#a30012\" class=\"td_text_highlight_marker\"><strong>Duro tono pol\u00edtico<\/strong><\/span><\/p>\n\n\n\n<p>Pese a esos pasos de apertura y de suavizaci\u00f3n de las medidas m\u00e1s duras, el Gobierno de Biden mantiene el tono de dureza en lo pol\u00edtico: \u201cSeguimos pidiendo al gobierno cubano que libere inmediatamente a los presos pol\u00edticos, que respete las libertades fundamentales del pueblo cubano y que le permita determinar su propio futuro\u201d, dice el Departamento de Estado, que sostiene que sus medidas buscan \u201capoyar las aspiraciones de libertad de los cubanos y de mayores oportunidades econ\u00f3micas para que puedan llevar una vida exitosa en su pa\u00eds\u201d.<\/p>\n\n\n\n<p>Biden impuso sanciones a funcionarios cubanos en respuesta a la represi\u00f3n del Gobierno cubano contra los manifestantes tras las amplias marchas celebradas en La Habana y otros lugares de la isla el pasado mes de julio. Cientos de personas fueron detenidas por las manifestaciones, probablemente las mayores protestas contra el r\u00e9gimen castrista. El gobierno cubano culp\u00f3 de las protestas a la intromisi\u00f3n de Estados Unidos.<\/p>\n\n\n\n<p>El llamado s\u00edndrome de La Habana, las dolencias que han afectado a personal diplom\u00e1tico de Estados Unidos en diferentes pa\u00edses y que fueron detectadas inicialmente en la capital cubana, tambi\u00e9n ha enrarecido la relaci\u00f3n. Las investigaciones sobre el s\u00edndrome no han sido concluyentes, pero no ven indicios de que sea consecuencia de un ataque deliberado.<\/p>\n\n\n\n<p>En unas semanas, se celebra en Los \u00c1ngeles la Cumbre de las Am\u00e9ricas, a la que el Gobierno de Biden no ha invitado a Cuba, Venezuela y Nicaragua por la falta de democracia real en esos pa\u00edses. El Departamento de Estado, sin embargo, evita afirmar tajantemente que no los invitar\u00e1 y deja una puerta abierta. El presidente de M\u00e9xico, Andr\u00e9s Manuel L\u00f3pez Obrador, ha amenazado con no acudir a la Cumbre si se excluye a algunos pa\u00edses.<\/p>\n\n\n\n<p>Desde Cuba tambi\u00e9n\u00a0se estaba criticando muy duramente la ausencia de una invitaci\u00f3n.\u00a0El Parlamento consider\u00f3 este fin de semana el veto como un \u201cnuevo acto agresivo de Estados Unidos contra Cuba\u201d sin \u201cjustificaci\u00f3n\u201d, mientras el presidente Miguel D\u00edaz-Canel asegur\u00f3 en su cuenta de Twitter que \u201cla \u00e9poca nueva que desea el continente no admite la exclusi\u00f3n\u201d. Lo que no hab\u00eda a\u00fan este lunes es una reacci\u00f3n al anuncio estadounidense de suavizaci\u00f3n de las medidas contra Cuba.<\/p>\n\n\n\n<p class=\"has-text-align-right\"><strong><em>elpais.com.-<\/em><\/strong><\/p>\n","protected":false},"excerpt":{"rendered":"<p>Estados Unidos revierte algunas de las medidas m\u00e1s duras de Donald Trump en su relaci\u00f3n con la isla<\/p>\n","protected":false},"author":2,"featured_media":17916,"comment_status":"open","ping_status":"open","sticky":false,"template":"","format":"standard","meta":{"jnews-multi-image_gallery":[],"jnews_single_post":[],"jnews_primary_category":[],"jnews_social_meta":[],"jnews_review":[],"enable_review":"","type":"","name":"","summary":"","brand":"","sku":"","good":[],"bad":[],"score_override":"","override_value":"","rating":[],"price":[],"jnews_override_counter":[],"jnews_post_split":[],"footnotes":""},"categories":[88],"tags":[184,136,111,45,2140],"class_list":["post-17915","post","type-post","status-publish","format-standard","has-post-thumbnail","hentry","category-internacionales","tag-biden","tag-estados-unidos","tag-internacionales","tag-noticias","tag-politica-hacia-cuba"],"amp_enabled":true,"_links":{"self":[{"href":"https:\/\/esreviral.com\/index.php?rest_route=\/wp\/v2\/posts\/17915"}],"collection":[{"href":"https:\/\/esreviral.com\/index.php?rest_route=\/wp\/v2\/posts"}],"about":[{"href":"https:\/\/esreviral.com\/index.php?rest_route=\/wp\/v2\/types\/post"}],"author":[{"embeddable":true,"href":"https:\/\/esreviral.com\/index.php?rest_route=\/wp\/v2\/users\/2"}],"replies":[{"embeddable":true,"href":"https:\/\/esreviral.com\/index.php?rest_route=%2Fwp%2Fv2%2Fcomments&post=17915"}],"version-history":[{"count":0,"href":"https:\/\/esreviral.com\/index.php?rest_route=\/wp\/v2\/posts\/17915\/revisions"}],"wp:featuredmedia":[{"embeddable":true,"href":"https:\/\/esreviral.com\/index.php?rest_route=\/"}],"wp:attachment":[{"href":"https:\/\/esreviral.com\/index.php?rest_route=%2Fwp%2Fv2%2Fmedia&parent=17915"}],"wp:term":[{"taxonomy":"category","embeddable":true,"href":"https:\/\/esreviral.com\/index.php?rest_route=%2Fwp%2Fv2%2Fcategories&post=17915"},{"taxonomy":"post_tag","embeddable":true,"href":"https:\/\/esreviral.com\/index.php?rest_route=%2Fwp%2Fv2%2Ftags&post=17915"}],"curies":[{"name":"wp","href":"https:\/\/api.w.org\/{rel}","templated":true}]}}