{"id":17727,"date":"2022-05-12T08:34:13","date_gmt":"2022-05-12T11:34:13","guid":{"rendered":"https:\/\/esreviral.com\/?p=17727"},"modified":"2022-05-12T08:34:13","modified_gmt":"2022-05-12T11:34:13","slug":"quiros-probablemente-este-sea-el-inicio-de-una-nueva-ola-de-casos-de-covid-19","status":"publish","type":"post","link":"https:\/\/esreviral.com\/?p=17727","title":{"rendered":"Quir\u00f3s: \u00abProbablemente este sea el inicio de una nueva ola de casos\u00bb de Covid-19"},"content":{"rendered":"\n<p class=\"has-drop-cap\">El ministro de Salud de la Ciudad de Buenos Aires, Fern\u00e1n Quir\u00f3s, advirti\u00f3 que \u00abprobablemente\u00bb la Argentina est\u00e9 ingresando a una nueva ola de contagios de coronavirus, pero se\u00f1al\u00f3 que ser\u00e1n casos m\u00e1s leves. En la \u00faltima semana, las infecciones crecieron un 54% con respecto a los siete d\u00edas anterioes.<\/p>\n\n\n\n<p>\u00abProbablemente este sea el inicio de&nbsp;una nueva ola de casos leves por dos motivos:&nbsp;el grado de vacunaci\u00f3n y la inmunidad h\u00edbrida, es decir, el haber estado vacunado y haber transitado la enfermedad\u00bb, explic\u00f3 el funcionario porte\u00f1o, en di\u00e1logo con&nbsp;<em>Rivadavia<\/em>.<\/p>\n\n\n\n<p>En la \u00faltima semana, se registraron&nbsp;17.646 casos de coronavirus,&nbsp;6.203 (54%) m\u00e1s que los siete d\u00edas anteriores. Sin embargo, en l\u00ednea con las declaraciones de Quir\u00f3s, descendieron la cantidad de fallecidos e internados en unidades de terapia intensiva.<\/p>\n\n\n\n<p>El titular de la cartera de Salud porte\u00f1a pronostic\u00f3, a su vez, que para el \u00faltimo trimestre de 2022, el Covid-19 dejar\u00e1 de ser considerado como una pandemia y pasar\u00e1 a circular como un virus m\u00e1s.<\/p>\n\n\n\n<p>Quri\u00f3s resalt\u00f3 la importancia de avanzar con la vacunaci\u00f3n para evitar los casos graves y explic\u00f3 que es necesaria una nueva generaci\u00f3n de vacunas que evite los contagios y, as\u00ed, dejar atr\u00e1s este modelo de olas.<\/p>\n\n\n\n<p class=\"has-text-align-right\"><strong><em>Filonews<\/em><\/strong>.-<\/p>\n","protected":false},"excerpt":{"rendered":"<p>El ministro de Salud porte\u00f1o explic\u00f3 que se registrar\u00e1n casos leves por el avance de la vacunaci\u00f3n y la inmunidad \u00abh\u00edbrida\u00bb.<\/p>\n","protected":false},"author":2,"featured_media":17728,"comment_status":"open","ping_status":"open","sticky":false,"template":"","format":"standard","meta":{"jnews-multi-image_gallery":[],"jnews_single_post":[],"jnews_primary_category":[],"jnews_social_meta":[],"jnews_review":[],"enable_review":"","type":"","name":"","summary":"","brand":"","sku":"","good":[],"bad":[],"score_override":"","override_value":"","rating":[],"price":[],"jnews_override_counter":[],"jnews_post_split":[],"footnotes":""},"categories":[76],"tags":[44,2093,188,2094,45,2095],"class_list":["post-17727","post","type-post","status-publish","format-standard","has-post-thumbnail","hentry","category-coronavirus","tag-argentina","tag-casos","tag-covid-19","tag-ministro-de-salud","tag-noticias","tag-nueva-ola"],"amp_enabled":true,"_links":{"self":[{"href":"https:\/\/esreviral.com\/index.php?rest_route=\/wp\/v2\/posts\/17727"}],"collection":[{"href":"https:\/\/esreviral.com\/index.php?rest_route=\/wp\/v2\/posts"}],"about":[{"href":"https:\/\/esreviral.com\/index.php?rest_route=\/wp\/v2\/types\/post"}],"author":[{"embeddable":true,"href":"https:\/\/esreviral.com\/index.php?rest_route=\/wp\/v2\/users\/2"}],"replies":[{"embeddable":true,"href":"https:\/\/esreviral.com\/index.php?rest_route=%2Fwp%2Fv2%2Fcomments&post=17727"}],"version-history":[{"count":0,"href":"https:\/\/esreviral.com\/index.php?rest_route=\/wp\/v2\/posts\/17727\/revisions"}],"wp:featuredmedia":[{"embeddable":true,"href":"https:\/\/esreviral.com\/index.php?rest_route=\/"}],"wp:attachment":[{"href":"https:\/\/esreviral.com\/index.php?rest_route=%2Fwp%2Fv2%2Fmedia&parent=17727"}],"wp:term":[{"taxonomy":"category","embeddable":true,"href":"https:\/\/esreviral.com\/index.php?rest_route=%2Fwp%2Fv2%2Fcategories&post=17727"},{"taxonomy":"post_tag","embeddable":true,"href":"https:\/\/esreviral.com\/index.php?rest_route=%2Fwp%2Fv2%2Ftags&post=17727"}],"curies":[{"name":"wp","href":"https:\/\/api.w.org\/{rel}","templated":true}]}}