{"id":1765,"date":"2020-11-17T19:38:02","date_gmt":"2020-11-17T19:38:02","guid":{"rendered":"http:\/\/esreviral.com\/?p=1765"},"modified":"2020-11-17T19:38:02","modified_gmt":"2020-11-17T19:38:02","slug":"gobierno-envia-al-congreso-proyecto-de-legalizacion-del-aborto","status":"publish","type":"post","link":"https:\/\/esreviral.com\/?p=1765","title":{"rendered":"Gobierno env\u00eda al congreso proyecto de legalizaci\u00f3n del aborto"},"content":{"rendered":"\n<p><strong><em>CIS.- <\/em><\/strong>En medio del aislamiento preventivo en el que se encuentra el Presidente Alberto Fern\u00e1ndez, anunci\u00f3 que envi\u00f3 al Congreso Nacional el proyecto de la Ley del Aborto Legal en Argentina y tambi\u00e9n el de mil d\u00edas para acompa\u00f1ar a las madres vulnerables. <\/p>\n\n\n\n<p>\u00abLa legalizaci\u00f3n del aborto salva vidas de mujeres y preserva su capacidad reproductiva. No aumenta la cantidad de abortos ni los promueve, solo resuelve un problema que afecta a la salud p\u00fablica\u00bb, dijo el Presidente en un video grabado que public\u00f3 en su twitter y en el que luci\u00f3 una corbata verde en apoyo. <\/p>\n\n\n\n<figure class=\"wp-block-embed-twitter wp-block-embed is-type-rich is-provider-twitter\"><div class=\"wp-block-embed__wrapper\">\n<blockquote class=\"twitter-tweet\" data-width=\"500\" data-dnt=\"true\"><p lang=\"es\" dir=\"ltr\">Siempre fue mi compromiso que el Estado acompa\u00f1e a todas las personas gestantes en sus proyectos de maternidad y cuide la vida y la salud de quienes deciden interrumpir su embarazo. El Estado no debe desentenderse de ninguna de estas realidades.<a href=\"https:\/\/twitter.com\/hashtag\/QueSeaLey?src=hash&amp;ref_src=twsrc%5Etfw\">#QueSeaLey<\/a> <a href=\"https:\/\/t.co\/V7Lr6wBmuB\">pic.twitter.com\/V7Lr6wBmuB<\/a><\/p>&mdash; Alberto Fern\u00e1ndez (@alferdez) <a href=\"https:\/\/twitter.com\/alferdez\/status\/1328775329398329344?ref_src=twsrc%5Etfw\">November 17, 2020<\/a><\/blockquote><script async src=\"https:\/\/platform.twitter.com\/widgets.js\" charset=\"utf-8\"><\/script>\n<\/div><\/figure>\n\n\n\n<p>Fern\u00e1ndez espera que se discuta en diciembre y que antes de fin de a\u00f1o tenga la media sanci\u00f3n. <\/p>\n\n\n\n<p>Adem\u00e1s anunci\u00f3 el proyecto  \u00abde los 1000 d\u00edas\u00bb que prev\u00e9 una ayuda econ\u00f3mica del Estado para la mujer embarazada en situaci\u00f3n de vulnerabilidad. El mandatario nacional anticip\u00f3 as\u00ed los argumentos que esgrimir\u00e1 el Gobierno para defender las iniciativas: que es una cuesti\u00f3n sanitaria y que est\u00e1 probado que \u00abel Estado debe acompa\u00f1ar a las mujeres en sus proyectos de maternidad\u00bb pero tambi\u00e9n \u00abcuidar la vida de quienes deciden interrumpir su embarazo\u00bb.<\/p>\n\n\n\n<blockquote class=\"wp-block-quote td_quote_box td_box_center is-layout-flow wp-block-quote-is-layout-flow\"><p>El proyecto prev\u00e9 la interrupci\u00f3n voluntaria del embarazo\u00a0<strong>hasta la semana 14 de gestaci\u00f3n.<\/strong><\/p><\/blockquote>\n\n\n\n<p>El proyecto estar\u00eda redactado desde marzo como parte de su compromiso en la campa\u00f1a electoral pero que por la pandemia no hab\u00eda sido enviado.<\/p>\n\n\n\n<p><strong><span style=\"background-color:#9a1b22\" class=\"td_text_highlight_marker\">Frases Re Virales del Presidente:  <\/span><\/strong><\/p>\n\n\n\n<ul class=\"wp-block-list\"><li>La criminalizaci\u00f3n del aborto de nada ha servido<\/li><li>Cada a\u00f1o se hospitalizan alrededor de 38 mil mujeres por abortos mal practicados<\/li><li>La legalizaci\u00f3n del aborto salva vidas de mujeres<\/li><li>No implica una carga extra para el sistema de salud<\/li><li>Los abortos ocurren en forma clandestina<\/li><li>Ampliar\u00e1n el pago a los beneficiados por la Asignaci\u00f3n Universal por Hijos<\/li><\/ul>\n\n\n\n<p><\/p>\n","protected":false},"excerpt":{"rendered":"<p>Tambi\u00e9n envi\u00f3 un proyecto de Mil D\u00edas para acompa\u00f1ar a las madres m\u00e1s vulnerales<\/p>\n","protected":false},"author":2,"featured_media":1766,"comment_status":"open","ping_status":"open","sticky":false,"template":"","format":"standard","meta":{"jnews-multi-image_gallery":[],"jnews_single_post":[],"jnews_primary_category":[],"jnews_social_meta":[],"jnews_review":[],"enable_review":"","type":"","name":"","summary":"","brand":"","sku":"","good":[],"bad":[],"score_override":"","override_value":"","rating":[],"price":[],"jnews_override_counter":[],"jnews_post_split":[],"footnotes":""},"categories":[43,58],"tags":[229,86,44],"class_list":["post-1765","post","type-post","status-publish","format-standard","has-post-thumbnail","hentry","category-actualidad","category-argentina","tag-aborto-legal","tag-alberto-fernandez","tag-argentina"],"amp_enabled":true,"_links":{"self":[{"href":"https:\/\/esreviral.com\/index.php?rest_route=\/wp\/v2\/posts\/1765"}],"collection":[{"href":"https:\/\/esreviral.com\/index.php?rest_route=\/wp\/v2\/posts"}],"about":[{"href":"https:\/\/esreviral.com\/index.php?rest_route=\/wp\/v2\/types\/post"}],"author":[{"embeddable":true,"href":"https:\/\/esreviral.com\/index.php?rest_route=\/wp\/v2\/users\/2"}],"replies":[{"embeddable":true,"href":"https:\/\/esreviral.com\/index.php?rest_route=%2Fwp%2Fv2%2Fcomments&post=1765"}],"version-history":[{"count":0,"href":"https:\/\/esreviral.com\/index.php?rest_route=\/wp\/v2\/posts\/1765\/revisions"}],"wp:featuredmedia":[{"embeddable":true,"href":"https:\/\/esreviral.com\/index.php?rest_route=\/"}],"wp:attachment":[{"href":"https:\/\/esreviral.com\/index.php?rest_route=%2Fwp%2Fv2%2Fmedia&parent=1765"}],"wp:term":[{"taxonomy":"category","embeddable":true,"href":"https:\/\/esreviral.com\/index.php?rest_route=%2Fwp%2Fv2%2Fcategories&post=1765"},{"taxonomy":"post_tag","embeddable":true,"href":"https:\/\/esreviral.com\/index.php?rest_route=%2Fwp%2Fv2%2Ftags&post=1765"}],"curies":[{"name":"wp","href":"https:\/\/api.w.org\/{rel}","templated":true}]}}