{"id":17605,"date":"2022-05-10T08:53:17","date_gmt":"2022-05-10T11:53:17","guid":{"rendered":"https:\/\/esreviral.com\/?p=17605"},"modified":"2022-05-10T08:53:17","modified_gmt":"2022-05-10T11:53:17","slug":"alerta-aumentan-los-casos-de-covid-en-las-escuelas-y-piden-el-uso-de-barbijos","status":"publish","type":"post","link":"https:\/\/esreviral.com\/?p=17605","title":{"rendered":"ALERTA: Aumentan los casos de covid en las escuelas y piden el uso de barbijos"},"content":{"rendered":"\n<p class=\"has-drop-cap\">La&nbsp;<strong>Uni\u00f3n de Trabajadores de la Educaci\u00f3n (UTE)<\/strong>&nbsp;denunci\u00f3 este lunes un&nbsp;<strong>incremento de casos<\/strong>&nbsp;de coronavirus en e<strong>scuelas porte\u00f1as<\/strong>&nbsp;y confirm\u00f3 que en uno de los establecimientos, que funciona en el Polo Educativo del barrio de Saavedra, fueron detectados 20 casos positivos entre el personal docente, por lo que exigi\u00f3 que \u00abel uso del barbijo vuelva a ser obligatorio\u00bb.<\/p>\n\n\n\n<p>La organizaci\u00f3n sindical se\u00f1al\u00f3 en un comunicado que \u00abdesde la semana pasada, y fundamentalmente en el d\u00eda de hoy, en las diversas secretar\u00edas de la UTE,&nbsp;<strong>hemos recibido denuncias de muchas escuelas en las que los casos positivos de covid se han incrementado<\/strong>\u00ab.<\/p>\n\n\n\n<p>\u00abEl caso m\u00e1s grave se observa en la Escuela Integral Interdisciplinaria 1, del distrito escolar 15, del&nbsp;<strong>Polo Saavedra<\/strong>, edificio compartido con el anexo de la&nbsp;<strong>Escuela de Educaci\u00f3n Especial 11<\/strong>, en la que al d\u00eda de hoy suman m\u00e1s de&nbsp;<strong>20 casos positivos entre el personal docente<\/strong>\u00ab, advirtieron.<\/p>\n\n\n\n<p>Para UTE, a \u00abla ya grave situaci\u00f3n se le suma la reducci\u00f3n de centros de testeos para realizarse hisopados y la dificultad con la que se encuentran lxs docentes al intentar cargar el caso positivo en el sistema de licencias de la plataforma MIA\u00bb, en alusi\u00f3n a la aplicaci\u00f3n para solicitar y gestionar licencias.<\/p>\n\n\n\n<p>Frente a este panorama, la organizaci\u00f3n gremial de docentes cuestionaron que \u00ab<strong>ni el jefe de Gobierno ni la ministra no se pronuncien ni incrementen las medidas de cuidado\u00bb frente al coronavirus<\/strong>.<\/p>\n\n\n\n<p>\u00abExigimos al gobierno de la CABA que el uso de barbijo vuelva a ser obligatorio, se refuercen las medidas de protecci\u00f3n y se incremente la entrega de elementos de protecci\u00f3n e higiene\u00bb, finalizaron.<\/p>\n\n\n\n<p>En la Ciudad de Buenos Aires, en tanto, se reportaron este lunes 6.448 nuevos casos de coronavirus y 12 fallecidos en la \u00faltima semana, lo que significa un 86,57% m\u00e1s de contagios con respecto a la semana anterior (3.456) y el triple de muertes.<\/p>\n\n\n\n<p class=\"has-text-align-right\"><strong><em>Telam.-<\/em><\/strong><\/p>\n","protected":false},"excerpt":{"rendered":"<p>\u00abLos casos no paran de subir en la CABA y ello se vislumbra en las escuelas y tanto el jefe de Gobierno, Horacio Rodr\u00edguez Larreta, como la ministra de Educaci\u00f3n, Soledad Acu\u00f1a, se llaman al silencio\u00bb, indicaron a trav\u00e9s de un comunicado desde UTE (Uni\u00f3n de Trabajadores de la Educaci\u00f3n).<\/p>\n","protected":false},"author":2,"featured_media":17606,"comment_status":"open","ping_status":"open","sticky":false,"template":"","format":"standard","meta":{"jnews-multi-image_gallery":[],"jnews_single_post":[],"jnews_primary_category":[],"jnews_social_meta":[],"jnews_review":[],"enable_review":"","type":"","name":"","summary":"","brand":"","sku":"","good":[],"bad":[],"score_override":"","override_value":"","rating":[],"price":[],"jnews_override_counter":[],"jnews_post_split":[],"footnotes":""},"categories":[76],"tags":[44,894,77,2061,45],"class_list":["post-17605","post","type-post","status-publish","format-standard","has-post-thumbnail","hentry","category-coronavirus","tag-argentina","tag-ciudad-de-buenos-aires","tag-coronavirus","tag-escuelas","tag-noticias"],"amp_enabled":true,"_links":{"self":[{"href":"https:\/\/esreviral.com\/index.php?rest_route=\/wp\/v2\/posts\/17605"}],"collection":[{"href":"https:\/\/esreviral.com\/index.php?rest_route=\/wp\/v2\/posts"}],"about":[{"href":"https:\/\/esreviral.com\/index.php?rest_route=\/wp\/v2\/types\/post"}],"author":[{"embeddable":true,"href":"https:\/\/esreviral.com\/index.php?rest_route=\/wp\/v2\/users\/2"}],"replies":[{"embeddable":true,"href":"https:\/\/esreviral.com\/index.php?rest_route=%2Fwp%2Fv2%2Fcomments&post=17605"}],"version-history":[{"count":0,"href":"https:\/\/esreviral.com\/index.php?rest_route=\/wp\/v2\/posts\/17605\/revisions"}],"wp:featuredmedia":[{"embeddable":true,"href":"https:\/\/esreviral.com\/index.php?rest_route=\/"}],"wp:attachment":[{"href":"https:\/\/esreviral.com\/index.php?rest_route=%2Fwp%2Fv2%2Fmedia&parent=17605"}],"wp:term":[{"taxonomy":"category","embeddable":true,"href":"https:\/\/esreviral.com\/index.php?rest_route=%2Fwp%2Fv2%2Fcategories&post=17605"},{"taxonomy":"post_tag","embeddable":true,"href":"https:\/\/esreviral.com\/index.php?rest_route=%2Fwp%2Fv2%2Ftags&post=17605"}],"curies":[{"name":"wp","href":"https:\/\/api.w.org\/{rel}","templated":true}]}}