{"id":17439,"date":"2022-05-06T09:01:45","date_gmt":"2022-05-06T12:01:45","guid":{"rendered":"https:\/\/esreviral.com\/?p=17439"},"modified":"2022-05-06T09:01:45","modified_gmt":"2022-05-06T12:01:45","slug":"whatsapp-las-reacciones-a-los-mensajes-estan-disponibles-a-partir-de-hoy","status":"publish","type":"post","link":"https:\/\/esreviral.com\/?p=17439","title":{"rendered":"WhatsApp: las reacciones a los mensajes est\u00e1n disponibles a partir de hoy"},"content":{"rendered":"\n<p class=\"has-drop-cap\">El fundador y CEO de la compa\u00f1\u00eda tecnol\u00f3gica\u00a0<strong>Meta<\/strong>, Mark Zuckerberg, anunci\u00f3 que las reacciones a los mensajes en <strong>WhatsApp\u00a0<\/strong>ya est\u00e1n disponibles para los usuarios.<\/p>\n\n\n\n<p>\u201dLas\u00a0reacciones en WhatsApp\u00a0empiezan a funcionar hoy\u201d, escribi\u00f3 el directivo en su cuenta personal de Facebook, seguido de una serie de emoticones que ser\u00edanlos disponibles en la aplicaci\u00f3n de mensajer\u00eda.<\/p>\n\n\n\n<figure class=\"wp-block-image size-large\"><img decoding=\"async\" src=\"https:\/\/tn.com.ar\/resizer\/tCMuY5a-7PBDsLhoJjiZoEKMK30=\/1440x0\/smart\/filters:quality(60)\/cloudfront-us-east-1.images.arcpublishing.com\/artear\/HEDSI7EASBBXFLO4QRZ3QTBLSE.JPG\" alt=\"\"\/><\/figure>\n\n\n\n<p>Se trata del emotji del pulgar hacia arriba, el coraz\u00f3n, la cara llorado de la risa, la cara sorprendida, la cara triste y las manos juntas en se\u00f1al de agradecimiento. Este \u00faltimo se a\u00f1adi\u00f3 para \u201c<strong>ayudar a difundir el agradecimiento y el aprecio<\/strong>\u201d, seg\u00fan explic\u00f3 Zuckerberg, que adem\u00e1s asegur\u00f3 que llegar\u00e1n \u201cm\u00e1s expresiones pr\u00f3ximamente\u201d.<\/p>\n\n\n\n<p>Por el momento, el directivo no ha dado m\u00e1s detalles sobre\u00a0<strong>c\u00f3mo reaccionar a los mensajes de WhatsApp\u00a0<\/strong>ni cu\u00e1l es la versi\u00f3n de la aplicaci\u00f3n en la que se ha introducido esta novedad.<\/p>\n\n\n\n<p><span style=\"background-color:#a30012\" class=\"td_text_highlight_marker\">Para qu\u00e9 sirven las reacciones de WhatsApp<\/span><\/p>\n\n\n\n<p>Las reacciones de WhatsApp, al igual que en otras redes sociales, sirven para<strong>&nbsp;responder a un mensaje sin decir nada.&nbsp;<\/strong>Es m\u00e1s que un visto o le\u00eddo,pero menos que un mensaje de respuesta.<\/p>\n\n\n\n<p>En WhatsApp se env\u00edan haciendo&nbsp;<strong>un toque prolongado en el mensaje<\/strong>&nbsp;y eligiendo de entre la lista de reacciones disponibles. Las reacciones son adem\u00e1s compatibles con todas las versiones de WhatsApp, incluyendo WhatsApp Web y la versi\u00f3n de escritorio.<\/p>\n\n\n\n<p>El portal especializado en filtraciones\u00a0<em>WABetaInfo<\/em>, ya hab\u00eda adelantado las reacciones junto a capturas de pantalla.<\/p>\n\n\n\n<figure class=\"wp-block-image\"><img decoding=\"async\" src=\"https:\/\/tn.com.ar\/resizer\/b9P0BfP-o58bsAqCMGnY16IiLjw=\/767x0\/smart\/filters:quality(60)\/cloudfront-us-east-1.images.arcpublishing.com\/artear\/2AWNWGVGARHPBKSSKEDAFFR7FI.gif\" alt=\"WhatsApp: las reacciones a los mensajes est\u00e1n disponibles a partir de hoy\"\/><\/figure>\n\n\n\n<p><span style=\"background-color:#a3000d\" class=\"td_text_highlight_marker\">Qu\u00e9 reacciones est\u00e1n disponibles en WhatsApp<\/span><\/p>\n\n\n\n<p>Los seis emojis que adelant\u00f3 Zuckerberg que llegan a partir de hoy, son las m\u00e1s sencillas de usar.<\/p>\n\n\n\n<ul class=\"wp-block-list\"><li>? Pulgar hacia arriba. Es un signo de Ok. Sirve para decir que est\u00e1s de acuerdo o simplemente que le\u00edste lo que te escribi\u00f3 o viste lo que te mand\u00f3.<\/li><li>\u2764\ufe0f Coraz\u00f3n. Es un emoji con el que podes decir que algo te gusta, te encanta, o que lo amas.<\/li><li>? Carcajada. Este sirve para expresar que te caus\u00f3 gracia algo que te enviaron<\/li><li>? Cara de sorpresa. Obviamente, lo que te escribieron o enviaron te sorprende.<\/li><li>? Cara de tristeza. Tambi\u00e9n es simple: lo que te mandaron te apena o te da ganas de llorar<\/li><li>?Palmas de las manos juntas. Esto puede significar varias cosas: pueder ser para pedir algo (como un por favor), para decir que ojal\u00e1 se cumpla o pase algo que te est\u00e1n, para desear que algo salga bien o que le mandas apoyo a esta persona.<\/li><\/ul>\n\n\n\n<p class=\"has-text-align-right\"><strong><em>TN.-<\/em><\/strong><\/p>\n","protected":false},"excerpt":{"rendered":"<p>Lo anunci\u00f3 el mismo Mark Zuckerberg en su p\u00e1gina de Facebook.<\/p>\n","protected":false},"author":2,"featured_media":17440,"comment_status":"open","ping_status":"open","sticky":false,"template":"","format":"standard","meta":{"jnews-multi-image_gallery":[],"jnews_single_post":[],"jnews_primary_category":[],"jnews_social_meta":[],"jnews_review":[],"enable_review":"","type":"","name":"","summary":"","brand":"","sku":"","good":[],"bad":[],"score_override":"","override_value":"","rating":[],"price":[],"jnews_override_counter":[],"jnews_post_split":[],"footnotes":""},"categories":[1165],"tags":[35,45,2020,2021],"class_list":["post-17439","post","type-post","status-publish","format-standard","has-post-thumbnail","hentry","category-tecnologia","tag-mark-zuckerberg","tag-noticias","tag-reacciones-de-whatsapp","tag-whatsapp"],"amp_enabled":true,"_links":{"self":[{"href":"https:\/\/esreviral.com\/index.php?rest_route=\/wp\/v2\/posts\/17439"}],"collection":[{"href":"https:\/\/esreviral.com\/index.php?rest_route=\/wp\/v2\/posts"}],"about":[{"href":"https:\/\/esreviral.com\/index.php?rest_route=\/wp\/v2\/types\/post"}],"author":[{"embeddable":true,"href":"https:\/\/esreviral.com\/index.php?rest_route=\/wp\/v2\/users\/2"}],"replies":[{"embeddable":true,"href":"https:\/\/esreviral.com\/index.php?rest_route=%2Fwp%2Fv2%2Fcomments&post=17439"}],"version-history":[{"count":0,"href":"https:\/\/esreviral.com\/index.php?rest_route=\/wp\/v2\/posts\/17439\/revisions"}],"wp:featuredmedia":[{"embeddable":true,"href":"https:\/\/esreviral.com\/index.php?rest_route=\/"}],"wp:attachment":[{"href":"https:\/\/esreviral.com\/index.php?rest_route=%2Fwp%2Fv2%2Fmedia&parent=17439"}],"wp:term":[{"taxonomy":"category","embeddable":true,"href":"https:\/\/esreviral.com\/index.php?rest_route=%2Fwp%2Fv2%2Fcategories&post=17439"},{"taxonomy":"post_tag","embeddable":true,"href":"https:\/\/esreviral.com\/index.php?rest_route=%2Fwp%2Fv2%2Ftags&post=17439"}],"curies":[{"name":"wp","href":"https:\/\/api.w.org\/{rel}","templated":true}]}}