{"id":17432,"date":"2022-05-05T15:16:27","date_gmt":"2022-05-05T18:16:27","guid":{"rendered":"https:\/\/esreviral.com\/?p=17432"},"modified":"2022-05-05T15:16:27","modified_gmt":"2022-05-05T18:16:27","slug":"la-oms-confirmo-mas-de-15-millones-de-muertos-por-el-coronavirus","status":"publish","type":"post","link":"https:\/\/esreviral.com\/?p=17432","title":{"rendered":"La OMS confirm\u00f3 m\u00e1s de 15 millones de muertos por el coronavirus"},"content":{"rendered":"\n<p>La Organizaci\u00f3n Mundial de la Salud (OMS) dijo hoy que la pandemia de covid-19 ha causado casi 15 millones de muertes en todo el mundo,&nbsp;<strong>el doble de lo que inicialmente se hab\u00eda calculado.<\/strong><\/p>\n\n\n\n<p>En total, el organismo sanitario indic\u00f3 que calcula que&nbsp;<strong>14,9 millones de muertes pueden asociarse a la pandemia<\/strong>, lo que representa un punto medio entre un m\u00ednimo de 13,3 millones y 16,6 millones de fallecimientos contabilizadas del 1 de enero de 2020 al 31 de diciembre de 2021.<\/p>\n\n\n\n<p>Ese total incluye los 6,24 millones de decesos por covid notificados oficialmente a la OMS por sus 194 pa\u00edses miembros.<\/p>\n\n\n\n<p>\u00abEstos datos no s\u00f3lo apuntan al impacto de la pandemia, sino a la necesidad de que todos los pa\u00edses inviertan en sistemas sanitarios m\u00e1s fuertes que sean capaces de mantener los servicios sanitarios en tiempos de crisis, y que tengan sistemas de informaci\u00f3n sanitaria fuertes\u00bb, declar\u00f3 el director general de la OMS, Tedros Adhanom Ghebreyesus.<\/p>\n","protected":false},"excerpt":{"rendered":"<p>La Organizaci\u00f3n Mundial de la Salud (OMS) dijo hoy que la pandemia de covid-19 ha causado casi 15 millones de muertes en todo el mundo,&nbsp;el doble de lo que inicialmente se hab\u00eda calculado. En total, el organismo sanitario indic\u00f3 que calcula que&nbsp;14,9 millones de muertes pueden asociarse a la pandemia, lo que representa un punto [&hellip;]<\/p>\n","protected":false},"author":2,"featured_media":17433,"comment_status":"open","ping_status":"open","sticky":false,"template":"","format":"standard","meta":{"jnews-multi-image_gallery":[],"jnews_single_post":[],"jnews_primary_category":[],"jnews_social_meta":[],"jnews_review":[],"enable_review":"","type":"","name":"","summary":"","brand":"","sku":"","good":[],"bad":[],"score_override":"","override_value":"","rating":[],"price":[],"jnews_override_counter":[],"jnews_post_split":[],"footnotes":""},"categories":[76],"tags":[44,77,188,45],"class_list":["post-17432","post","type-post","status-publish","format-standard","has-post-thumbnail","hentry","category-coronavirus","tag-argentina","tag-coronavirus","tag-covid-19","tag-noticias"],"amp_enabled":true,"_links":{"self":[{"href":"https:\/\/esreviral.com\/index.php?rest_route=\/wp\/v2\/posts\/17432"}],"collection":[{"href":"https:\/\/esreviral.com\/index.php?rest_route=\/wp\/v2\/posts"}],"about":[{"href":"https:\/\/esreviral.com\/index.php?rest_route=\/wp\/v2\/types\/post"}],"author":[{"embeddable":true,"href":"https:\/\/esreviral.com\/index.php?rest_route=\/wp\/v2\/users\/2"}],"replies":[{"embeddable":true,"href":"https:\/\/esreviral.com\/index.php?rest_route=%2Fwp%2Fv2%2Fcomments&post=17432"}],"version-history":[{"count":0,"href":"https:\/\/esreviral.com\/index.php?rest_route=\/wp\/v2\/posts\/17432\/revisions"}],"wp:featuredmedia":[{"embeddable":true,"href":"https:\/\/esreviral.com\/index.php?rest_route=\/"}],"wp:attachment":[{"href":"https:\/\/esreviral.com\/index.php?rest_route=%2Fwp%2Fv2%2Fmedia&parent=17432"}],"wp:term":[{"taxonomy":"category","embeddable":true,"href":"https:\/\/esreviral.com\/index.php?rest_route=%2Fwp%2Fv2%2Fcategories&post=17432"},{"taxonomy":"post_tag","embeddable":true,"href":"https:\/\/esreviral.com\/index.php?rest_route=%2Fwp%2Fv2%2Ftags&post=17432"}],"curies":[{"name":"wp","href":"https:\/\/api.w.org\/{rel}","templated":true}]}}