{"id":17354,"date":"2022-05-04T10:25:08","date_gmt":"2022-05-04T13:25:08","guid":{"rendered":"https:\/\/esreviral.com\/?p=17354"},"modified":"2022-05-04T10:25:08","modified_gmt":"2022-05-04T13:25:08","slug":"cuatro-dias-de-trabajo-y-tres-de-fin-de-semana-impulsan-un-nuevo-proyecto-para-reducir-la-jornada-laboral","status":"publish","type":"post","link":"https:\/\/esreviral.com\/?p=17354","title":{"rendered":"Cuatro d\u00edas de trabajo y tres de fin de semana: impulsan un nuevo proyecto para reducir la jornada laboral"},"content":{"rendered":"\n<p class=\"has-drop-cap\">La pandemia del coronavirus y las nuevas modalidades de trabajo han puesto sobre la mesa la discusi\u00f3n de la reducci\u00f3n de la jornada laboral en Argentina y en el mundo. <\/p>\n\n\n\n<p>Actualmente, hay dos proyectos en el Congreso que persiguen dicho objetivo: por un lado est\u00e1 el de\u00a0<strong>Claudia Ormaechea<\/strong>, diputada del Frente de Todos y dirigente de la Asociaci\u00f3n Bancaria, y el de\u00a0<strong>Hugo Yasky<\/strong>, legislador tambi\u00e9n del oficialismo y secretario general de la CTA. Todas las iniciativas buscan mejorar la calidad de vida de los trabajadores a tiempo de generar una mejor distribuci\u00f3n del empleo, creando nuevos puestos de trabajo.<\/p>\n\n\n\n<p>En di\u00e1logo con\u00a0<strong><em>AM750<\/em><\/strong>, el\u00a0secretario de salud laboral de la CTA Nacional y secretario general de la Asociaci\u00f3n Gremial de Trabajadores del Subte y Premetro,\u00a0<strong>Roberto \u00abBeto\u00bb Pianelli,\u00a0<\/strong>sostuvo que es necesario llevar la\u00a0<strong>jornada laboral a 30 horas distribuidas en 4 d\u00edas por semana<\/strong>.\u00a0<\/p>\n\n\n\n<p>\u00abEn Argentina hay much\u00edsimos compatriotas que no tienen trabajo, adem\u00e1s los avances tecnol\u00f3gicos han acelerado la forma de producir mercanc\u00eda y servicios. Si este no es el momento de discutir la\u00a0reducci\u00f3n de la jornada laboral\u00a0no se cu\u00e1ndo ser\u00e1\u00bb, expres\u00f3.<\/p>\n\n\n\n<p>En ese sentido, Pianelli sostuvo que la reducci\u00f3n de las horas del trabajo generar\u00edan nuevos puestos de trabajo.&nbsp;<strong>\u00abSi no distribuimos las horas de trabajo generas una sociedad de incluidos y una sociedad de excluidos\u00bb.<\/strong>&nbsp;<\/p>\n\n\n\n<p>Adem\u00e1s, agreg\u00f3 que se necesita una \u00absociedad m\u00e1s justa, que empieza por distribuir su trabajo existente. Para eso hay que reducir la jornada\u00bb. Adem\u00e1s, sostuvo que reducir la jornada mejorar\u00eda la calidad de vida de los trabajadores, bajar\u00eda los niveles de poluci\u00f3n y de transporte y potenciaria la recreaci\u00f3n y a los sectores de turismo.<\/p>\n\n\n\n<p>Por otro lado, el representante de los trabajadores del subte sostuvo que las innovaciones tecnol\u00f3gicas hicieron que las sociedades produzcan servicios y mercanc\u00edas con menor tiempo de trabajo pero se\u00f1al\u00f3 que eso no redujo su valor.&nbsp;<\/p>\n\n\n\n<p><strong>\u00abLos servicios y mercancias mantienen su valor hist\u00f3rico generando que haya mayor acumulaci\u00f3n de riqueza para las patronales.&nbsp;<\/strong>Por eso hoy vemos esas fortunas inimaginables donde pocas personas han acumulado mucha fortuna\u00bb, indic\u00f3.<\/p>\n\n\n\n<p>Al ser consultado por la oposici\u00f3n patronal a esta iniciativa, Pianelli manifest\u00f3 que el empresariado argentino se caracteriza por ser muy reaccionario. \u00abPrefieren perder plata a perder autoridad. Nunca toleraron que los trabajadores adquieran protagonismo y poder\u00bb.<\/p>\n\n\n\n<p><span style=\"background-color:#a30012\" class=\"td_text_highlight_marker\">Los proyectos en el Congreso<\/span><\/p>\n\n\n\n<p>En el pa\u00eds, donde el tope de horas de trabajo a la semana es de 48 horas, hay en curso dos proyectos para reducir la jornada laboral:<\/p>\n\n\n\n<ul class=\"wp-block-list\"><li>El de la diputada del Frente de Todos y dirigente de la Asociaci\u00f3n Bancaria&nbsp;<strong>Claudia Ormaechea<\/strong>, que propone una jornada m\u00e1xima de 6 horas y un tope de 36 horas semanales.<\/li><li>El del legislador tambi\u00e9n del oficialismo y secretario general de la CTA,&nbsp;<strong>Hugo Yasky<\/strong>, que propone una semana laboral con un m\u00e1ximo de 8 horas diarias y no m\u00e1s de cuarenta horas semanales.<\/li><\/ul>\n\n\n\n<p><span style=\"background-color:#a30016\" class=\"td_text_highlight_marker\">Semana laboral de cuatro d\u00edas: los casos de B\u00e9lgica, Islandia y Espa\u00f1a<\/span><\/p>\n\n\n\n<p>En febrero del 2022 el gobierno de Belgica anunci\u00f3\u00a0<strong>una reforma laboral que incluye la posibilidad de reducir la jornada laboral a cuatro d\u00edas por semana<\/strong>. La noticia fue presentada como una oportunidad de dar mayor libertad a los trabajadores.\u00a0<\/p>\n\n\n\n<p>El proyecto que deber\u00e1 ser aprobado por el Parlament contempla que&nbsp;<strong>cada trabajador podr\u00e1 elegir concentrar sus 40 horas semanales en cuatro d\u00edas<\/strong>&nbsp;o podr\u00e1 optar por un r\u00e9gimen semanal variable, trabajando m\u00e1s horas una semana y teniendo m\u00e1s tiempo libre a la siguiente.<\/p>\n\n\n\n<p>El caso de&nbsp;<strong>Espa\u00f1a<\/strong>, uno de los primeros pa\u00edses en hablar de semana de cuatro d\u00edas, el proyecto apunta es a reducir las horas de trabajo.&nbsp;<strong>\u00abTrabajar 10 horas diarias para librar un d\u00eda es un atentado a la conciliaci\u00f3n y a la calidad de vida.<\/strong>&nbsp;Han ido por el camino contrario\u00bb, se\u00f1al\u00f3 el diputado espa\u00f1ol<strong>&nbsp;\u00cd\u00f1igo Errej\u00f3n<\/strong>, impulsor del proyecto en su pa\u00eds.<\/p>\n\n\n\n<p>En\u00a0<strong>Islandia\u00a0<\/strong>la reducci\u00f3n de la jornada laboral ya es un hecho. Entre 2019 y 2021, el\u00a0<strong>86 por ciento de los trabajadores islandeses adhiri\u00f3 a ese r\u00e9gimen<\/strong>\u00a0con un notable aumento en los indicadores de\u00a0<strong>bienestar y productividad<\/strong>.\u00a0\u00a0<\/p>\n\n\n\n<p class=\"has-text-align-right\"><strong><em>Pagina12.-<\/em><\/strong><\/p>\n","protected":false},"excerpt":{"rendered":"<p>El plan es impulsado por el sindicalista Roberto Pianelli, secretario General de Metrodelegados. Qu\u00e9 otros proyectos se impulsan en el Congreso. Apuntan  los beneficios para la salud y el crecimiento del mercado laboral.<\/p>\n","protected":false},"author":2,"featured_media":17355,"comment_status":"open","ping_status":"open","sticky":false,"template":"","format":"standard","meta":{"jnews-multi-image_gallery":[],"jnews_single_post":[],"jnews_primary_category":[],"jnews_social_meta":[],"jnews_review":[],"enable_review":"","type":"","name":"","summary":"","brand":"","sku":"","good":[],"bad":[],"score_override":"","override_value":"","rating":[],"price":[],"jnews_override_counter":[],"jnews_post_split":[],"footnotes":""},"categories":[58],"tags":[44,2001,45,2002],"class_list":["post-17354","post","type-post","status-publish","format-standard","has-post-thumbnail","hentry","category-argentina","tag-argentina","tag-jornada-laboral","tag-noticias","tag-proyecto"],"amp_enabled":true,"_links":{"self":[{"href":"https:\/\/esreviral.com\/index.php?rest_route=\/wp\/v2\/posts\/17354"}],"collection":[{"href":"https:\/\/esreviral.com\/index.php?rest_route=\/wp\/v2\/posts"}],"about":[{"href":"https:\/\/esreviral.com\/index.php?rest_route=\/wp\/v2\/types\/post"}],"author":[{"embeddable":true,"href":"https:\/\/esreviral.com\/index.php?rest_route=\/wp\/v2\/users\/2"}],"replies":[{"embeddable":true,"href":"https:\/\/esreviral.com\/index.php?rest_route=%2Fwp%2Fv2%2Fcomments&post=17354"}],"version-history":[{"count":0,"href":"https:\/\/esreviral.com\/index.php?rest_route=\/wp\/v2\/posts\/17354\/revisions"}],"wp:featuredmedia":[{"embeddable":true,"href":"https:\/\/esreviral.com\/index.php?rest_route=\/"}],"wp:attachment":[{"href":"https:\/\/esreviral.com\/index.php?rest_route=%2Fwp%2Fv2%2Fmedia&parent=17354"}],"wp:term":[{"taxonomy":"category","embeddable":true,"href":"https:\/\/esreviral.com\/index.php?rest_route=%2Fwp%2Fv2%2Fcategories&post=17354"},{"taxonomy":"post_tag","embeddable":true,"href":"https:\/\/esreviral.com\/index.php?rest_route=%2Fwp%2Fv2%2Ftags&post=17354"}],"curies":[{"name":"wp","href":"https:\/\/api.w.org\/{rel}","templated":true}]}}