{"id":17351,"date":"2022-05-04T10:17:19","date_gmt":"2022-05-04T13:17:19","guid":{"rendered":"https:\/\/esreviral.com\/?p=17351"},"modified":"2022-05-04T10:17:19","modified_gmt":"2022-05-04T13:17:19","slug":"linea-f-del-subte-con-mas-de-20-anos-de-demora-comenzaran-a-construir-un-tramo","status":"publish","type":"post","link":"https:\/\/esreviral.com\/?p=17351","title":{"rendered":"L\u00ednea F del subte: con m\u00e1s de 20 a\u00f1os de demora, comenzar\u00e1n a construir un tramo"},"content":{"rendered":"\n<p class=\"has-drop-cap\"><br>En 2001 la\u00a0Legislatura Porte\u00f1a\u00a0estableci\u00f3 que la ciudad de Buenos Aires deb\u00eda ser equipada con una\u00a0l\u00ednea de subte\u00a0transversal para unir sin necesidad de transbordos Constituci\u00f3n con Palermo a lo largo, principalmente, del eje de las avenidas Entre R\u00edos-Callao. <\/p>\n\n\n\n<p>En el 2017 el gobierno avanz\u00f3 con los estudios de factibilidad t\u00e9cnica y financiera para concretar la obra. El tiempo pas\u00f3 y la obra nunca comenz\u00f3.<\/p>\n\n\n\n<p>Sin embargo, hoy una nueva promesa de construcci\u00f3n comienza a crecer, con otro concepto que garantizar\u00eda la concreci\u00f3n del ramal en un tramo menor,\u00a0<strong>entre Constituci\u00f3n y la plaza Rodr\u00edguez Pe\u00f1a (Recoleta), en el cruce con la l\u00ednea D.<\/strong><\/p>\n\n\n\n<figure class=\"wp-block-embed is-type-video is-provider-youtube wp-block-embed-youtube wp-embed-aspect-16-9 wp-has-aspect-ratio\"><div class=\"wp-block-embed__wrapper\">\n<div class=\"jeg_video_container jeg_video_content\"><iframe title=\"Sumar\u00e1n una nueva l\u00ednea de subte en la Ciudad de Buenos Aires\" width=\"500\" height=\"281\" src=\"https:\/\/www.youtube.com\/embed\/P3gLQOMKwt8?feature=oembed\" frameborder=\"0\" allow=\"accelerometer; autoplay; clipboard-write; encrypted-media; gyroscope; picture-in-picture; web-share\" referrerpolicy=\"strict-origin-when-cross-origin\" allowfullscreen><\/iframe><\/div>\n<\/div><\/figure>\n\n\n\n<p><span style=\"background-color:#a30016\" class=\"td_text_highlight_marker\">Cu\u00e1ndo estar\u00eda lista la nueva l\u00ednea de subte<\/span><\/p>\n\n\n\n<p>Los trabajos de ingenier\u00eda empezar\u00e1n en las pr\u00f3ximas semanas, seg\u00fan el anuncio que realiz\u00f3 Subterr\u00e1neos de Buenos Aires SE (Sbase), y se extender\u00e1n por 18 meses.&nbsp;<strong>Las obras para el primer tramo del ramal reci\u00e9n podr\u00edan comenzar en 2024.<\/strong><\/p>\n\n\n\n<p>Este proyecto cuenta con un presupuesto de 3 millones de d\u00f3lares. En principio&nbsp;<strong>el tramo ser\u00e1 de 5 km,<\/strong>&nbsp;pero podr\u00eda sumar kil\u00f3metros hacia el sur o el norte dependiendo de los avances en los estudios de factibilidad.<\/p>\n\n\n\n<p>La l\u00ednea F es una deuda de la gesti\u00f3n porte\u00f1a, al igual que\u00a0<strong>las l\u00edneas G e I, ambas tambi\u00e9n contempladas en la ley del 2001.<\/strong><\/p>\n\n\n\n<p class=\"has-text-align-right\"><strong><em>Pagina12.-<\/em><\/strong><\/p>\n","protected":false},"excerpt":{"rendered":"<p>C\u00f3mo ser\u00e1 el recorrido y cu\u00e1ndo estar\u00e1 lista<\/p>\n","protected":false},"author":2,"featured_media":17352,"comment_status":"open","ping_status":"open","sticky":false,"template":"","format":"standard","meta":{"jnews-multi-image_gallery":[],"jnews_single_post":[],"jnews_primary_category":[],"jnews_social_meta":[],"jnews_review":[],"enable_review":"","type":"","name":"","summary":"","brand":"","sku":"","good":[],"bad":[],"score_override":"","override_value":"","rating":[],"price":[],"jnews_override_counter":[],"jnews_post_split":[],"footnotes":""},"categories":[43],"tags":[44,2000,45,290],"class_list":["post-17351","post","type-post","status-publish","format-standard","has-post-thumbnail","hentry","category-actualidad","tag-argentina","tag-linea-f","tag-noticias","tag-subte"],"amp_enabled":true,"_links":{"self":[{"href":"https:\/\/esreviral.com\/index.php?rest_route=\/wp\/v2\/posts\/17351"}],"collection":[{"href":"https:\/\/esreviral.com\/index.php?rest_route=\/wp\/v2\/posts"}],"about":[{"href":"https:\/\/esreviral.com\/index.php?rest_route=\/wp\/v2\/types\/post"}],"author":[{"embeddable":true,"href":"https:\/\/esreviral.com\/index.php?rest_route=\/wp\/v2\/users\/2"}],"replies":[{"embeddable":true,"href":"https:\/\/esreviral.com\/index.php?rest_route=%2Fwp%2Fv2%2Fcomments&post=17351"}],"version-history":[{"count":0,"href":"https:\/\/esreviral.com\/index.php?rest_route=\/wp\/v2\/posts\/17351\/revisions"}],"wp:featuredmedia":[{"embeddable":true,"href":"https:\/\/esreviral.com\/index.php?rest_route=\/"}],"wp:attachment":[{"href":"https:\/\/esreviral.com\/index.php?rest_route=%2Fwp%2Fv2%2Fmedia&parent=17351"}],"wp:term":[{"taxonomy":"category","embeddable":true,"href":"https:\/\/esreviral.com\/index.php?rest_route=%2Fwp%2Fv2%2Fcategories&post=17351"},{"taxonomy":"post_tag","embeddable":true,"href":"https:\/\/esreviral.com\/index.php?rest_route=%2Fwp%2Fv2%2Ftags&post=17351"}],"curies":[{"name":"wp","href":"https:\/\/api.w.org\/{rel}","templated":true}]}}