{"id":17330,"date":"2022-05-04T09:07:38","date_gmt":"2022-05-04T12:07:38","guid":{"rendered":"https:\/\/esreviral.com\/?p=17330"},"modified":"2022-05-04T09:07:38","modified_gmt":"2022-05-04T12:07:38","slug":"larreta-visito-la-feria-del-libro-en-la-rural","status":"publish","type":"post","link":"https:\/\/esreviral.com\/?p=17330","title":{"rendered":"Larreta visit\u00f3 la Feria del Libro en La Rural"},"content":{"rendered":"\n<p class=\"has-drop-cap\">El Ministerio de Cultura porte\u00f1o participa con un stand de editoriales independientes, charlas, ciclos de cine, homenajes a Manuel Puig y a La Habana, la ciudad invitada.<\/p>\n\n\n\n<p>La Feria abri\u00f3 sus puertas el 28 de abril y se extender\u00e1 hasta el 16 de mayo. Es posible visitarla de lunes a viernes de 14 a 22 hs, y s\u00e1bados y domingos de 13 a 22 hs.<\/p>\n\n\n\n<p>Con el objetivo de que los estudiantes de Nivel Secundario, de 16 a 19 a\u00f1os, y docentes de escuelas p\u00fablicas porte\u00f1as puedan disfrutar de las distintas propuestas culturales, la Ciudad brinda el Pase Cultural. Quienes cuentan con la tarjeta pueden ingresar sin costo a la Feria de lunes a viernes y acceder a descuentos. Aquellos que a\u00fan no la solicitaron tienen la oportunidad de inscribirse de manera presencial en el stand del GCBA.<\/p>\n\n\n\n<p>Adem\u00e1s, en el mismo punto, todos los j\u00f3venes y los docentes beneficiarios del programa pueden retirar un cup\u00f3n de $500 para la compra de libros.<\/p>\n","protected":false},"excerpt":{"rendered":"<p>El jefe de Gobierno porte\u00f1o, Horacio Rodr\u00edguez Larreta y el ministro de Cultura, Enrique Avogadro, recorrieron hoy la 46a Feria Internacional del Libro en La Rural. En el lugar, dialogaron con representantes de las editoriales presentes y con los vecinos que se acercaron a conocer las novedades que ofrece esta nueva edici\u00f3n.<\/p>\n","protected":false},"author":2,"featured_media":17331,"comment_status":"open","ping_status":"open","sticky":false,"template":"","format":"standard","meta":{"jnews-multi-image_gallery":[],"jnews_single_post":[],"jnews_primary_category":[],"jnews_social_meta":[],"jnews_review":[],"enable_review":"","type":"","name":"","summary":"","brand":"","sku":"","good":[],"bad":[],"score_override":"","override_value":"","rating":[],"price":[],"jnews_override_counter":[],"jnews_post_split":[],"footnotes":""},"categories":[43],"tags":[44,1802,478,1992,45],"class_list":["post-17330","post","type-post","status-publish","format-standard","has-post-thumbnail","hentry","category-actualidad","tag-argentina","tag-feria-del-libro","tag-horacio-rodriguez-larreta","tag-larreta","tag-noticias"],"amp_enabled":true,"_links":{"self":[{"href":"https:\/\/esreviral.com\/index.php?rest_route=\/wp\/v2\/posts\/17330"}],"collection":[{"href":"https:\/\/esreviral.com\/index.php?rest_route=\/wp\/v2\/posts"}],"about":[{"href":"https:\/\/esreviral.com\/index.php?rest_route=\/wp\/v2\/types\/post"}],"author":[{"embeddable":true,"href":"https:\/\/esreviral.com\/index.php?rest_route=\/wp\/v2\/users\/2"}],"replies":[{"embeddable":true,"href":"https:\/\/esreviral.com\/index.php?rest_route=%2Fwp%2Fv2%2Fcomments&post=17330"}],"version-history":[{"count":0,"href":"https:\/\/esreviral.com\/index.php?rest_route=\/wp\/v2\/posts\/17330\/revisions"}],"wp:featuredmedia":[{"embeddable":true,"href":"https:\/\/esreviral.com\/index.php?rest_route=\/"}],"wp:attachment":[{"href":"https:\/\/esreviral.com\/index.php?rest_route=%2Fwp%2Fv2%2Fmedia&parent=17330"}],"wp:term":[{"taxonomy":"category","embeddable":true,"href":"https:\/\/esreviral.com\/index.php?rest_route=%2Fwp%2Fv2%2Fcategories&post=17330"},{"taxonomy":"post_tag","embeddable":true,"href":"https:\/\/esreviral.com\/index.php?rest_route=%2Fwp%2Fv2%2Ftags&post=17330"}],"curies":[{"name":"wp","href":"https:\/\/api.w.org\/{rel}","templated":true}]}}