{"id":1733,"date":"2020-11-17T16:55:30","date_gmt":"2020-11-17T16:55:30","guid":{"rendered":"http:\/\/esreviral.com\/?p=1733"},"modified":"2020-11-17T16:55:30","modified_gmt":"2020-11-17T16:55:30","slug":"enfotos-mira-como-se-encuentran-los-alrededores-del-congreso-por-el-dia-de-la-militancia","status":"publish","type":"post","link":"https:\/\/esreviral.com\/?p=1733","title":{"rendered":"#ENFOTOS Mira como se encuentran los alrededores del Congreso por eL D\u00eda de la Militancia"},"content":{"rendered":"\n<p><strong><em>CIS.-<\/em><\/strong> Para este martes en la arde se tiene prevista una concentraci\u00f3n en las afueras del Congreso Nacional y desde tempranas horas varios simpatizantes del kirchnerismo se apostaron en el lugar y colgaron algunas pancartas en alusi\u00f3n a la vicepresidente Cristina Fern\u00e1ndez para celebrar el D\u00eda de la militancia. <\/p>\n\n\n\n<p>Se espera que las calles y avenidas de la zona est\u00e9n cortadas en horas de la tarde, por lo que se recomienda a quienes se trasladan en autos o motos evitar esta zona que estar\u00e1 congestionada.<\/p>\n\n\n\n<figure class=\"wp-block-image size-large\"><img decoding=\"async\" src=\"https:\/\/pbs.twimg.com\/media\/EnCXGs4WMAMrp5c?format=jpg&amp;name=large\" alt=\"\"\/><\/figure>\n\n\n\n<figure class=\"wp-block-image size-large\"><img decoding=\"async\" src=\"https:\/\/pbs.twimg.com\/media\/EnCXIhfXIAI2We-?format=jpg&amp;name=large\" alt=\"\"\/><\/figure>\n\n\n\n<figure class=\"wp-block-image size-large\"><img decoding=\"async\" src=\"https:\/\/pbs.twimg.com\/media\/EnCXJRTXMAE2Fjy?format=jpg&amp;name=4096x4096\" alt=\"\"\/><\/figure>\n","protected":false},"excerpt":{"rendered":"<p>En horas de la tarde pudieran cortar las calles y avenidas de la zona, por lo que se recomienda a los conductores evitar estas v\u00edas<\/p>\n","protected":false},"author":2,"featured_media":1734,"comment_status":"open","ping_status":"open","sticky":false,"template":"","format":"standard","meta":{"jnews-multi-image_gallery":[],"jnews_single_post":[],"jnews_primary_category":[],"jnews_social_meta":[],"jnews_review":[],"enable_review":"","type":"","name":"","summary":"","brand":"","sku":"","good":[],"bad":[],"score_override":"","override_value":"","rating":[],"price":[],"jnews_override_counter":[],"jnews_post_split":[],"footnotes":""},"categories":[58],"tags":[167,102,126],"class_list":["post-1733","post","type-post","status-publish","format-standard","has-post-thumbnail","hentry","category-argentina","tag-congreso","tag-marcha","tag-protesta"],"amp_enabled":true,"_links":{"self":[{"href":"https:\/\/esreviral.com\/index.php?rest_route=\/wp\/v2\/posts\/1733"}],"collection":[{"href":"https:\/\/esreviral.com\/index.php?rest_route=\/wp\/v2\/posts"}],"about":[{"href":"https:\/\/esreviral.com\/index.php?rest_route=\/wp\/v2\/types\/post"}],"author":[{"embeddable":true,"href":"https:\/\/esreviral.com\/index.php?rest_route=\/wp\/v2\/users\/2"}],"replies":[{"embeddable":true,"href":"https:\/\/esreviral.com\/index.php?rest_route=%2Fwp%2Fv2%2Fcomments&post=1733"}],"version-history":[{"count":0,"href":"https:\/\/esreviral.com\/index.php?rest_route=\/wp\/v2\/posts\/1733\/revisions"}],"wp:featuredmedia":[{"embeddable":true,"href":"https:\/\/esreviral.com\/index.php?rest_route=\/"}],"wp:attachment":[{"href":"https:\/\/esreviral.com\/index.php?rest_route=%2Fwp%2Fv2%2Fmedia&parent=1733"}],"wp:term":[{"taxonomy":"category","embeddable":true,"href":"https:\/\/esreviral.com\/index.php?rest_route=%2Fwp%2Fv2%2Fcategories&post=1733"},{"taxonomy":"post_tag","embeddable":true,"href":"https:\/\/esreviral.com\/index.php?rest_route=%2Fwp%2Fv2%2Ftags&post=1733"}],"curies":[{"name":"wp","href":"https:\/\/api.w.org\/{rel}","templated":true}]}}