{"id":1723,"date":"2020-11-16T22:34:05","date_gmt":"2020-11-16T22:34:05","guid":{"rendered":"http:\/\/esreviral.com\/?p=1723"},"modified":"2020-11-16T22:34:05","modified_gmt":"2020-11-16T22:34:05","slug":"suarez-se-contagia-de-covid-19-y-sera-baja-ante-brasil","status":"publish","type":"post","link":"https:\/\/esreviral.com\/?p=1723","title":{"rendered":"Su\u00e1rez se contagia de COVID-19 y ser\u00e1 baja ante Brasil"},"content":{"rendered":"\n<p><strong><em>Arturo L\u00f3pez.-<\/em><\/strong> La selecci\u00f3n de Uruguay recibi\u00f3 una terrible noticia hoy pues su delantero estrella, Luis Su\u00e1rez, dio positivo en la prueba de COVID-19 y no podr\u00e1 disputar la cuarta fecha de las eliminatorias al mundial de Qatar ante Brasil.<\/p>\n\n\n\n<p>El atacante que hace vida en el Atl\u00e9tico de Madrid no podr\u00e1 jugar en el pr\u00f3ximo encuentro de su selecci\u00f3n ma\u00f1ana ante la \u00abcanarinha\u00bb y se perder\u00e1 el duelo ante el Barcelona el pr\u00f3ximo fin de semana por La Liga espa\u00f1ola.<\/p>\n\n\n\n<p>Seg\u00fan marca el protocolo, \u00abEl Pistolero\u00bb deber\u00e1 estar confinado durante las siguientes fechas y se perder\u00e1 los partidos frente al Bar\u00e7a el pr\u00f3ximo s\u00e1bado, el del Lokomotiv de Mosc\u00fa por la Champions League y ser\u00e1 duda para el duelo ante el Valencia de la siguiente jornada liguera.<\/p>\n","protected":false},"excerpt":{"rendered":"<p>Seg\u00fan marca el protocolo, \u00abEl Pistolero\u00bb deber\u00e1 estar confinado durante las siguientes fechas y se perder\u00e1 los partidos frente al Bar\u00e7a el pr\u00f3ximo s\u00e1bado<\/p>\n","protected":false},"author":2,"featured_media":1724,"comment_status":"open","ping_status":"open","sticky":false,"template":"","format":"standard","meta":{"jnews-multi-image_gallery":[],"jnews_single_post":[],"jnews_primary_category":[],"jnews_social_meta":[],"jnews_review":[],"enable_review":"","type":"","name":"","summary":"","brand":"","sku":"","good":[],"bad":[],"score_override":"","override_value":"","rating":[],"price":[],"jnews_override_counter":[],"jnews_post_split":[],"footnotes":""},"categories":[48],"tags":[77,49,296],"class_list":["post-1723","post","type-post","status-publish","format-standard","has-post-thumbnail","hentry","category-deportes","tag-coronavirus","tag-deportes","tag-luis-suarez"],"amp_enabled":true,"_links":{"self":[{"href":"https:\/\/esreviral.com\/index.php?rest_route=\/wp\/v2\/posts\/1723"}],"collection":[{"href":"https:\/\/esreviral.com\/index.php?rest_route=\/wp\/v2\/posts"}],"about":[{"href":"https:\/\/esreviral.com\/index.php?rest_route=\/wp\/v2\/types\/post"}],"author":[{"embeddable":true,"href":"https:\/\/esreviral.com\/index.php?rest_route=\/wp\/v2\/users\/2"}],"replies":[{"embeddable":true,"href":"https:\/\/esreviral.com\/index.php?rest_route=%2Fwp%2Fv2%2Fcomments&post=1723"}],"version-history":[{"count":0,"href":"https:\/\/esreviral.com\/index.php?rest_route=\/wp\/v2\/posts\/1723\/revisions"}],"wp:featuredmedia":[{"embeddable":true,"href":"https:\/\/esreviral.com\/index.php?rest_route=\/"}],"wp:attachment":[{"href":"https:\/\/esreviral.com\/index.php?rest_route=%2Fwp%2Fv2%2Fmedia&parent=1723"}],"wp:term":[{"taxonomy":"category","embeddable":true,"href":"https:\/\/esreviral.com\/index.php?rest_route=%2Fwp%2Fv2%2Fcategories&post=1723"},{"taxonomy":"post_tag","embeddable":true,"href":"https:\/\/esreviral.com\/index.php?rest_route=%2Fwp%2Fv2%2Ftags&post=1723"}],"curies":[{"name":"wp","href":"https:\/\/api.w.org\/{rel}","templated":true}]}}