{"id":17085,"date":"2022-04-28T15:51:46","date_gmt":"2022-04-28T18:51:46","guid":{"rendered":"https:\/\/esreviral.com\/?p=17085"},"modified":"2022-04-28T15:51:46","modified_gmt":"2022-04-28T18:51:46","slug":"investigan-el-caso-de-la-venezolana-fallecida-en-eeuu-como-una-sobredosis","status":"publish","type":"post","link":"https:\/\/esreviral.com\/?p=17085","title":{"rendered":"Investigan el caso de la venezolana fallecida en EEUU, como una \u00absobredosis\u00bb"},"content":{"rendered":"\n<p><strong><em>CIS.-<\/em><\/strong> El periodista boricua Jorge V\u00e9lez, quien es reportero de Telemundo en Carolina del Norte, ha llevado desde el principio el caso de&nbsp;<strong>Mar\u00eda Esperanza D\u00edaz, la joven venezolana que fue encontrada muerta en una vivienda de Charlotte.&nbsp;<\/strong><br><br>V\u00e9lez, afirm\u00f3 que la<strong>&nbsp;\u00abpolic\u00eda actualmente sigue este caso como una sobredosis\u00bb. R<\/strong>eiter\u00f3 que han sido muy herm\u00e9ticos con la investigaci\u00f3n, y&nbsp;<strong>explic\u00f3 que ya se han hablado con posibles testigos tanto en Venezuela como en Estados Unidos.&nbsp;<\/strong><\/p>\n\n\n\n<figure class=\"wp-block-image size-large\"><img decoding=\"async\" src=\"https:\/\/esreviral.com\/wp-content\/uploads\/2022\/04\/IMG_1556-900x1024.jpg\" alt=\"\" class=\"wp-image-17087\"\/><figcaption>Jorge V\u00e9lez junto a la prima de Ma. Esperanza, quien reconoci\u00f3 el cad\u00e1ver <\/figcaption><\/figure>\n\n\n\n<p><br>En sus redes sociales, tambi\u00e9n public\u00f3 una foto con la prima de Mar\u00eda Esperanza,&nbsp;<strong>quien habr\u00eda reconocido el cad\u00e1ver de la venezolana.<\/strong>&nbsp;\u00abEl hermano me coment\u00f3 que ella lleg\u00f3 a Charlotte para reecontrarse con unos amigos y pasar unos d\u00edas.<strong>&nbsp;Ella estuvo en Neuqu\u00e9n, Argentina por tres a\u00f1os, all\u00e1 estaba con la hermana, el cu\u00f1ado, sobrino y la mam\u00e1 que lleg\u00f3 hace poco\u00bb.&nbsp;<\/strong><\/p>\n\n\n\n<p><br>\u00abMe coment\u00f3 que adem\u00e1s de ser su hermana menor era su comadre por ser la madrina de su hijo\u00bb, le dijo Alejandro D\u00edaz al periodista, quien tambi\u00e9n inform\u00f3 que&nbsp;<strong>ten\u00eda meses separado de su hermana, ahora fallecida.&nbsp;<br>Manifest\u00f3 que han intentado comunicarse con la amiga de la fallecida, quien es la principal testigo pero se neg\u00f3,&nbsp;<\/strong>posteriormente, dijo que s\u00ed quer\u00eda dar la entrevista pero nuevamente cambi\u00f3 de opini\u00f3n y que esperaba que no se difundiera la informaci\u00f3n.&nbsp;<\/p>\n\n\n\n<figure class=\"wp-block-embed is-type-rich is-provider-twitter wp-block-embed-twitter\"><div class=\"wp-block-embed__wrapper\">\n<blockquote class=\"twitter-tweet\" data-width=\"500\" data-dnt=\"true\"><p lang=\"es\" dir=\"ltr\">Periodista de Telemundo en Carolina del Norte, afirm\u00f3 que la polic\u00eda investiga el caso de la muerte de la venezolana, c\u00f3mo una \u201csobredosis\u201d <a href=\"https:\/\/twitter.com\/hashtag\/28abr?src=hash&amp;ref_src=twsrc%5Etfw\">#28abr<\/a> <a href=\"https:\/\/t.co\/cZPKAvFMjw\">pic.twitter.com\/cZPKAvFMjw<\/a><\/p>&mdash; ES RE VIRAL (@esreviral) <a href=\"https:\/\/twitter.com\/esreviral\/status\/1519750975736586240?ref_src=twsrc%5Etfw\">April 28, 2022<\/a><\/blockquote><script async src=\"https:\/\/platform.twitter.com\/widgets.js\" charset=\"utf-8\"><\/script>\n<\/div><\/figure>\n","protected":false},"excerpt":{"rendered":"<p>Lo confirm\u00f3 el periodista de Telemundo, Jorge v\u00e9lez, quien lleva el caso desde que se conoci\u00f3<\/p>\n","protected":false},"author":2,"featured_media":17086,"comment_status":"open","ping_status":"open","sticky":false,"template":"","format":"standard","meta":{"jnews-multi-image_gallery":[],"jnews_single_post":[],"jnews_primary_category":[],"jnews_social_meta":[],"jnews_review":[],"enable_review":"","type":"","name":"","summary":"","brand":"","sku":"","good":[],"bad":[],"score_override":"","override_value":"","rating":[],"price":[],"jnews_override_counter":[],"jnews_post_split":[],"footnotes":""},"categories":[54,64],"tags":[44,1914,1915,45,67],"class_list":["post-17085","post","type-post","status-publish","format-standard","has-post-thumbnail","hentry","category-inmigracion","category-sucesos","tag-argentina","tag-carolina-del-norte","tag-charlotte","tag-noticias","tag-venezolanos-en-argentina"],"amp_enabled":true,"_links":{"self":[{"href":"https:\/\/esreviral.com\/index.php?rest_route=\/wp\/v2\/posts\/17085"}],"collection":[{"href":"https:\/\/esreviral.com\/index.php?rest_route=\/wp\/v2\/posts"}],"about":[{"href":"https:\/\/esreviral.com\/index.php?rest_route=\/wp\/v2\/types\/post"}],"author":[{"embeddable":true,"href":"https:\/\/esreviral.com\/index.php?rest_route=\/wp\/v2\/users\/2"}],"replies":[{"embeddable":true,"href":"https:\/\/esreviral.com\/index.php?rest_route=%2Fwp%2Fv2%2Fcomments&post=17085"}],"version-history":[{"count":0,"href":"https:\/\/esreviral.com\/index.php?rest_route=\/wp\/v2\/posts\/17085\/revisions"}],"wp:featuredmedia":[{"embeddable":true,"href":"https:\/\/esreviral.com\/index.php?rest_route=\/"}],"wp:attachment":[{"href":"https:\/\/esreviral.com\/index.php?rest_route=%2Fwp%2Fv2%2Fmedia&parent=17085"}],"wp:term":[{"taxonomy":"category","embeddable":true,"href":"https:\/\/esreviral.com\/index.php?rest_route=%2Fwp%2Fv2%2Fcategories&post=17085"},{"taxonomy":"post_tag","embeddable":true,"href":"https:\/\/esreviral.com\/index.php?rest_route=%2Fwp%2Fv2%2Ftags&post=17085"}],"curies":[{"name":"wp","href":"https:\/\/api.w.org\/{rel}","templated":true}]}}