{"id":17077,"date":"2022-04-28T10:35:35","date_gmt":"2022-04-28T13:35:35","guid":{"rendered":"https:\/\/esreviral.com\/?p=17077"},"modified":"2022-04-28T10:35:35","modified_gmt":"2022-04-28T13:35:35","slug":"tini-y-maria-becerra-censuradas-en-mexico-por-mienteme","status":"publish","type":"post","link":"https:\/\/esreviral.com\/?p=17077","title":{"rendered":"Tini y Mar\u00eda Becerra, \u00bfcensuradas en M\u00e9xico por \u201cMi\u00e9nteme\u201d?"},"content":{"rendered":"\n<p><\/p>\n\n\n\n<p class=\"has-drop-cap\">En el 2021,\u00a0Tini Stoessel\u00a0y\u00a0Mar\u00eda Becerra\u00a0unieron fuerzas y sacaron\u00a0<strong>Mi\u00e9nteme<\/strong>. R\u00e1pidamente el reggaeton alcanz\u00f3 340 millones de vistas en YouTube y 378 millones en Spotify, convirti\u00e9ndose en un verdadero \u00e9xito en los pa\u00edses de habla hispana. Sin embargo, recientemente en Socios del espect\u00e1culo aseguraron que las argentinas fueron canceladas en M\u00e9xico por dicha canci\u00f3n. \u00bfQu\u00e9 pas\u00f3?<\/p>\n\n\n\n<figure class=\"wp-block-embed is-type-video is-provider-youtube wp-block-embed-youtube wp-embed-aspect-16-9 wp-has-aspect-ratio\"><div class=\"wp-block-embed__wrapper\">\n<div class=\"jeg_video_container jeg_video_content\"><iframe title=\"TINI, Maria Becerra - Mi\u00e9nteme (Video Oficial)\" width=\"500\" height=\"281\" src=\"https:\/\/www.youtube.com\/embed\/mmRBXjVENDQ?feature=oembed\" frameborder=\"0\" allow=\"accelerometer; autoplay; clipboard-write; encrypted-media; gyroscope; picture-in-picture; web-share\" referrerpolicy=\"strict-origin-when-cross-origin\" allowfullscreen><\/iframe><\/div>\n<\/div><\/figure>\n\n\n\n<p>\u201cTini y Mar\u00eda Becerra fueron canceladas por la canci\u00f3n&nbsp;<strong>Mi\u00e9nteme<\/strong>\u201d, inform\u00f3 Rodrigo Lussich, el conductor del ciclo de El Trece y luego pas\u00f3 a explicar los motivos por los que se tom\u00f3 esa dr\u00e1stica decisi\u00f3n.<\/p>\n\n\n\n<p>Sucede que en M\u00e9xico hay un r\u00e9cord de feticidios y violencia de g\u00e9nero y la letra de \u201cMi\u00e9nteme\u201d podr\u00eda potenciar estas actitudes violentas y de posesi\u00f3n. Recientemente, la desaparici\u00f3n de Debanhi despu\u00e9s de haber acudido a una fiesta en el municipio de Escobedo y el posterior hallazgo de su cuerpo dentro de una cisterna encendieron las sirenas en dicho pa\u00eds.<\/p>\n\n\n\n<p>\u201cEs un gran hit que abre la puerta a toda Latinoam\u00e9rica, pero no se transmitir\u00e1 en la radio debido a la ola de femicidios del pa\u00eds\u201d, a\u00f1adi\u00f3 el periodista, dejando en claro que, si bien la canci\u00f3n sali\u00f3 en el 2021, en M\u00e9xico tuvo un \u201cboom\u201d en las \u00faltimas semanas.<\/p>\n\n\n\n<figure class=\"wp-block-embed is-type-video is-provider-youtube wp-block-embed-youtube wp-embed-aspect-16-9 wp-has-aspect-ratio\"><div class=\"wp-block-embed__wrapper\">\n<div class=\"jeg_video_container jeg_video_content\"><iframe title=\"TINI CENSURADA JUNTO A MAR\u00cdA BECERRA EN M\u00c9XICO POR LA OLA DE FEMICIDIOS Y SU CANCI\u00d3N &quot;MI\u00c9NTEME&quot;\" width=\"500\" height=\"281\" src=\"https:\/\/www.youtube.com\/embed\/X34rMBVFu8o?feature=oembed\" frameborder=\"0\" allow=\"accelerometer; autoplay; clipboard-write; encrypted-media; gyroscope; picture-in-picture; web-share\" referrerpolicy=\"strict-origin-when-cross-origin\" allowfullscreen><\/iframe><\/div>\n<\/div><\/figure>\n\n\n\n<p>\u201cLa sigue mucha gente a Tini. Es una chica sana, referente, amorsa con las fans\u2026 A nadie le gustan que le mientan. M\u00e9xico es un pa\u00eds machista. Es un tema complicado y, en este contexto, sumado a lo que pas\u00f3 con ella y De Paul, creo que se mezcl\u00f3 todo en M\u00e9xico y de ah\u00ed salta el tema de la canci\u00f3n, pero Tini no es responsable\u201d, se\u00f1al\u00f3 Karina Iav\u00edcoli, defendiendo a la cantante.<\/p>\n\n\n\n<p><span style=\"background-color:#a30023\" class=\"td_text_highlight_marker\">POR DENUNCIAS<\/span><\/p>\n\n\n\n<p>Para denunciar casos de violencia de g\u00e9nero se puede llamar al 144 (desde cualquier punto del pa\u00eds) o al 0800-888-9898 (desde cualquier punto de la provincia de C\u00f3rdoba). Las l\u00edneas son gratuitas. Se receptan denuncias las 24 horas. Quien se comunique puede solicitar reserva de su identidad.<\/p>\n\n\n\n<p class=\"has-text-align-right\"><strong><em>LaVoz.-<\/em><\/strong><\/p>\n","protected":false},"excerpt":{"rendered":"<p>Tiene que ver con la canci\u00f3n que sacaron juntas, y que tiene millones de reproducciones en diversas plataformas.<\/p>\n","protected":false},"author":2,"featured_media":17078,"comment_status":"open","ping_status":"open","sticky":false,"template":"","format":"standard","meta":{"jnews-multi-image_gallery":[],"jnews_single_post":[],"jnews_primary_category":[],"jnews_social_meta":[],"jnews_review":[],"enable_review":"","type":"","name":"","summary":"","brand":"","sku":"","good":[],"bad":[],"score_override":"","override_value":"","rating":[],"price":[],"jnews_override_counter":[],"jnews_post_split":[],"footnotes":""},"categories":[1142],"tags":[1722,1912,1197,45,1913],"class_list":["post-17077","post","type-post","status-publish","format-standard","has-post-thumbnail","hentry","category-musica","tag-maria-becerra","tag-mienteme","tag-musica-2","tag-noticias","tag-tini"],"amp_enabled":true,"_links":{"self":[{"href":"https:\/\/esreviral.com\/index.php?rest_route=\/wp\/v2\/posts\/17077"}],"collection":[{"href":"https:\/\/esreviral.com\/index.php?rest_route=\/wp\/v2\/posts"}],"about":[{"href":"https:\/\/esreviral.com\/index.php?rest_route=\/wp\/v2\/types\/post"}],"author":[{"embeddable":true,"href":"https:\/\/esreviral.com\/index.php?rest_route=\/wp\/v2\/users\/2"}],"replies":[{"embeddable":true,"href":"https:\/\/esreviral.com\/index.php?rest_route=%2Fwp%2Fv2%2Fcomments&post=17077"}],"version-history":[{"count":0,"href":"https:\/\/esreviral.com\/index.php?rest_route=\/wp\/v2\/posts\/17077\/revisions"}],"wp:featuredmedia":[{"embeddable":true,"href":"https:\/\/esreviral.com\/index.php?rest_route=\/"}],"wp:attachment":[{"href":"https:\/\/esreviral.com\/index.php?rest_route=%2Fwp%2Fv2%2Fmedia&parent=17077"}],"wp:term":[{"taxonomy":"category","embeddable":true,"href":"https:\/\/esreviral.com\/index.php?rest_route=%2Fwp%2Fv2%2Fcategories&post=17077"},{"taxonomy":"post_tag","embeddable":true,"href":"https:\/\/esreviral.com\/index.php?rest_route=%2Fwp%2Fv2%2Ftags&post=17077"}],"curies":[{"name":"wp","href":"https:\/\/api.w.org\/{rel}","templated":true}]}}