{"id":17064,"date":"2022-04-28T09:41:16","date_gmt":"2022-04-28T12:41:16","guid":{"rendered":"https:\/\/esreviral.com\/?p=17064"},"modified":"2022-04-28T09:41:16","modified_gmt":"2022-04-28T12:41:16","slug":"la-feria-internacional-del-libro-2022-abre-sus-puertas-a-plena-presencialidad","status":"publish","type":"post","link":"https:\/\/esreviral.com\/?p=17064","title":{"rendered":"La Feria Internacional del Libro 2022: abre sus puertas a plena presencialidad"},"content":{"rendered":"\n<p class=\"has-drop-cap\"><strong>La 46\u00b0 Feria Internacional del Libro de Buenos Aires<\/strong>&nbsp;(FIL) comenzar\u00e1 a desarrollarse este jueves&nbsp;<strong>en el predio de La Rural<\/strong>, en el barrio porte\u00f1o de&nbsp;<strong>Palermo<\/strong>, donde se extender\u00e1&nbsp;<strong>hasta el pr\u00f3ximo 16 de mayo<\/strong>, en el tradicional formato que la distingu\u00eda hasta hace dos a\u00f1os, cuando irrumpi\u00f3 la pandemia de coronavirus.<\/p>\n\n\n\n<p>La ceremonia inaugural tendr\u00e1 lugar esta tarde a las 18 en el Restaurante Central, con discurso a cargo del escritor&nbsp;<strong>Guillermo Saccomanno<\/strong>.<\/p>\n\n\n\n<p>Entre las presencias previstas para esta edici\u00f3n de este emblem\u00e1tico evento cultural, se cuentan los espa\u00f1oles Javier Cercas y Luis Garc\u00eda Montero, el estadounidense John Katzenbach, la francesa Caroline Fourest y el alem\u00e1n David Wagner, entre otros.<\/p>\n\n\n\n<p>En el Pabell\u00f3n Amarillo se encuentra previsto, a partir de las 19, que se desarrolle el Torneo 50\u00b0 Aniversario \u00abC\u00edrculo de Ajedrez Torre Blanca\u00bb, con partidas para todos los niveles, principiantes, intermedios y expertos.<\/p>\n\n\n\n<p>En tanto, la primera presentaci\u00f3n de un libro en el marco de esta edici\u00f3n de la FIL se encuentra programada para las 20:30 de en el Pabell\u00f3n Blanco, con la participaci\u00f3n de Jos\u00e9 Ignacio de Mendiguren con el t\u00edtulo \u00ab2001\/2021 La historia no contada de la gran crisis. C\u00f3mo acordar un camino para el desarrollo argentino\u00bb, de Editorial Sudamericana.<\/p>\n\n\n\n<p>La primera jornada de la feria contar\u00e1 tambi\u00e9n con el desarrollo de tres mesas redondas, a partir de las 20:30 bajo los siguientes t\u00edtulos: \u00abLa buena lectura ilumina\u00bb; \u00abMujeres en el mundo editorial. Los cambios en este siglo\u00bb y \u00abFicci\u00f3n + Ficci\u00f3n en el feminismo\u00bb.<\/p>\n\n\n\n<p>Con La Habana como la Ciudad Invitada de Honor, las entradas oscilan entre los 300 y 450 pesos, con cheques para usar en librer\u00edas, entre los invitados internacionales m\u00e1s relevantes est\u00e1n el best seller estadounidense John Katzenbach (autor de El psicoanalista), Javier Cercas, la espa\u00f1ol Paulina Flores, el rumano Miguel Gane y la joven poeta Loreta Sesma.<\/p>\n\n\n\n<p class=\"has-text-align-right\"><strong><em>Telam.-<\/em><\/strong><\/p>\n","protected":false},"excerpt":{"rendered":"<p>Desde las 18 el escritor Guillermo Saccomanno dar\u00e1 el discurso de apertura en el predio de La Rural, en Palermo. Este a\u00f1o se esperan las presencias de los espa\u00f1oles Javier Cercas y Luis Garc\u00eda Montero, el estadounidense John Katzenbach, la francesa Caroline Fourest y el alem\u00e1n David Wagner, entre otros.<\/p>\n","protected":false},"author":2,"featured_media":17065,"comment_status":"open","ping_status":"open","sticky":false,"template":"","format":"standard","meta":{"jnews-multi-image_gallery":[],"jnews_single_post":[],"jnews_primary_category":[],"jnews_social_meta":[],"jnews_review":[],"enable_review":"","type":"","name":"","summary":"","brand":"","sku":"","good":[],"bad":[],"score_override":"","override_value":"","rating":[],"price":[],"jnews_override_counter":[],"jnews_post_split":[],"footnotes":""},"categories":[50],"tags":[1802,1905,1906,1907],"class_list":["post-17064","post","type-post","status-publish","format-standard","has-post-thumbnail","hentry","category-entretenimiento","tag-feria-del-libro","tag-feria-internacional-del-libro-2022","tag-guillermo-saccomanno","tag-jose-ignacio-de-mendiguren"],"amp_enabled":true,"_links":{"self":[{"href":"https:\/\/esreviral.com\/index.php?rest_route=\/wp\/v2\/posts\/17064"}],"collection":[{"href":"https:\/\/esreviral.com\/index.php?rest_route=\/wp\/v2\/posts"}],"about":[{"href":"https:\/\/esreviral.com\/index.php?rest_route=\/wp\/v2\/types\/post"}],"author":[{"embeddable":true,"href":"https:\/\/esreviral.com\/index.php?rest_route=\/wp\/v2\/users\/2"}],"replies":[{"embeddable":true,"href":"https:\/\/esreviral.com\/index.php?rest_route=%2Fwp%2Fv2%2Fcomments&post=17064"}],"version-history":[{"count":0,"href":"https:\/\/esreviral.com\/index.php?rest_route=\/wp\/v2\/posts\/17064\/revisions"}],"wp:featuredmedia":[{"embeddable":true,"href":"https:\/\/esreviral.com\/index.php?rest_route=\/"}],"wp:attachment":[{"href":"https:\/\/esreviral.com\/index.php?rest_route=%2Fwp%2Fv2%2Fmedia&parent=17064"}],"wp:term":[{"taxonomy":"category","embeddable":true,"href":"https:\/\/esreviral.com\/index.php?rest_route=%2Fwp%2Fv2%2Fcategories&post=17064"},{"taxonomy":"post_tag","embeddable":true,"href":"https:\/\/esreviral.com\/index.php?rest_route=%2Fwp%2Fv2%2Ftags&post=17064"}],"curies":[{"name":"wp","href":"https:\/\/api.w.org\/{rel}","templated":true}]}}