{"id":16882,"date":"2022-04-25T10:23:32","date_gmt":"2022-04-25T13:23:32","guid":{"rendered":"https:\/\/esreviral.com\/?p=16882"},"modified":"2022-04-25T10:23:32","modified_gmt":"2022-04-25T13:23:32","slug":"venezolanos-participaron-en-el-encuentro-nacional-de-colectividades-en-tandil","status":"publish","type":"post","link":"https:\/\/esreviral.com\/?p=16882","title":{"rendered":"Venezolanos participaron en el Encuentro Nacional de Colectividades en Tandil"},"content":{"rendered":"\n<p class=\"has-drop-cap\">Del 22 al 24 de abril, en la ciudad de Tandil; Provincia de Buenos Aires, se realiz\u00f3 el \u00ab5\u00b0 Encuentro Nacional de Dirigentes de Colectividades\u00bb, actividad organizada por la Confederaci\u00f3n Argentina de Colectividades y la Uni\u00f3n de Colectividades de Tandil, con el apoyo de distintos organismos nacionales, provinciales, municipales, OIM y universidades nacionales.<\/p>\n\n\n\n<p>En este destacado encuentro, la comunidad venezolana, estuvo representada por el Vicepresidente de la Federaci\u00f3n Argentina de Colectividades (Fedeargcol), Vincenzo Pensa Ter\u00e1n; por el Presidente de la Asociaci\u00f3n de Enfermeros Venezolanos en Argentina (Asoenvear), Christian S\u00e1nchez Chac\u00edn y Xiomara Morales; miembro de la Comisi\u00f3n Directiva de la Asociaci\u00f3n de Venezolanos en la Rep\u00fablica Argentina (Asovenbaires) y Presidenta de la Asociaci\u00f3n Civil; Somos Venezolanos en Quilmes.<\/p>\n\n\n\n<p>En el evento se presentaron distintas tem\u00e1ticas, como el proyecto de Ley Nacional de Colectividades, reconocer las colectividades como tesoros vivientes, difundir aspectos culturales, tales como la ruta del inmigrante. Reconocer las colectividad como un gran desarrollo cultural por las acciones que promueven su identidad, se plateo la mejora en las relaciones para promover el desarrollo de actividades entre las distintas federaciones nacional y provinciales, se conocieron las diferentes experiencias exitosas de colectividades y sus aportes.<\/p>\n\n\n\n<figure class=\"wp-block-image size-large\"><img decoding=\"async\" src=\"https:\/\/esreviral.com\/wp-content\/uploads\/2022\/04\/WhatsApp-Image-2022-04-23-at-10.25.41-AM-1024x406.jpeg\" alt=\"\" class=\"wp-image-16884\"\/><\/figure>\n\n\n\n<p><br>Se resalt\u00f3 la participaci\u00f3n de los j\u00f3venes como el presente en el cual van a trascender las diferentes culturas, delegando tareas para obtener el sentido de pertenencia.<\/p>\n\n\n\n<p>Las organizaciones venezolanas presentes hicieron referencia a la creaci\u00f3n del Consejo de Cooperaci\u00f3n para la Comunidad Venezolana @consejocva , logrando el apoyo y el compromiso de acompa\u00f1amiento de las diferentes instituciones que hicieron presencia en el encuentro; a su vez los representantes de la colectividad venezolana, aseguraron que continuar\u00e1n participando activamente como se a hecho desde el 1\u00b0 Encuentro, realizado en la Ciudad de Santa Fe; Provincia de Santa F\u00e9.<\/p>\n\n\n\n<p>En el cierre de este Encuentro, se plant\u00f3 un \u00e1rbol, en el Jard\u00edn de la Paz; que simboliza la Paz y que reitera el compromiso de la convivencia armoniosa en la diversidad.<\/p>\n\n\n\n<p class=\"has-text-align-right\"><strong><em>Prensa Asoven\/ Asoenvear.-<\/em><\/strong><\/p>\n","protected":false},"excerpt":{"rendered":"<p>Se resalt\u00f3 la participaci\u00f3n de los j\u00f3venes como el presente en el cual van a trascender las diferentes culturas, delegando tareas para obtener el sentido de pertenencia<\/p>\n","protected":false},"author":2,"featured_media":16903,"comment_status":"open","ping_status":"open","sticky":false,"template":"","format":"standard","meta":{"jnews-multi-image_gallery":[],"jnews_single_post":[],"jnews_primary_category":[],"jnews_social_meta":[],"jnews_review":[],"enable_review":"","type":"","name":"","summary":"","brand":"","sku":"","good":[],"bad":[],"score_override":"","override_value":"","rating":[],"price":[],"jnews_override_counter":[],"jnews_post_split":[],"footnotes":""},"categories":[54],"tags":[1854,45,1855,67],"class_list":["post-16882","post","type-post","status-publish","format-standard","has-post-thumbnail","hentry","category-inmigracion","tag-encuentro-de-colectividades","tag-noticias","tag-tandil","tag-venezolanos-en-argentina"],"amp_enabled":true,"_links":{"self":[{"href":"https:\/\/esreviral.com\/index.php?rest_route=\/wp\/v2\/posts\/16882"}],"collection":[{"href":"https:\/\/esreviral.com\/index.php?rest_route=\/wp\/v2\/posts"}],"about":[{"href":"https:\/\/esreviral.com\/index.php?rest_route=\/wp\/v2\/types\/post"}],"author":[{"embeddable":true,"href":"https:\/\/esreviral.com\/index.php?rest_route=\/wp\/v2\/users\/2"}],"replies":[{"embeddable":true,"href":"https:\/\/esreviral.com\/index.php?rest_route=%2Fwp%2Fv2%2Fcomments&post=16882"}],"version-history":[{"count":0,"href":"https:\/\/esreviral.com\/index.php?rest_route=\/wp\/v2\/posts\/16882\/revisions"}],"wp:featuredmedia":[{"embeddable":true,"href":"https:\/\/esreviral.com\/index.php?rest_route=\/"}],"wp:attachment":[{"href":"https:\/\/esreviral.com\/index.php?rest_route=%2Fwp%2Fv2%2Fmedia&parent=16882"}],"wp:term":[{"taxonomy":"category","embeddable":true,"href":"https:\/\/esreviral.com\/index.php?rest_route=%2Fwp%2Fv2%2Fcategories&post=16882"},{"taxonomy":"post_tag","embeddable":true,"href":"https:\/\/esreviral.com\/index.php?rest_route=%2Fwp%2Fv2%2Ftags&post=16882"}],"curies":[{"name":"wp","href":"https:\/\/api.w.org\/{rel}","templated":true}]}}