{"id":16877,"date":"2022-04-25T10:08:07","date_gmt":"2022-04-25T13:08:07","guid":{"rendered":"https:\/\/esreviral.com\/?p=16877"},"modified":"2022-04-25T10:08:07","modified_gmt":"2022-04-25T13:08:07","slug":"tras-la-reeleccion-de-macron-hubo-protestas-que-dejaron-dos-muertos","status":"publish","type":"post","link":"https:\/\/esreviral.com\/?p=16877","title":{"rendered":"Tras la reelecci\u00f3n de Macron, hubo protestas que dejaron dos muertos"},"content":{"rendered":"\n<p>Al menos dos personas han muerto y una ha resultado herida en los alrededores del popular Pont-Neuf tras los altercados registrados en la capital y en distintos puntos del pa\u00eds entre la Polic\u00eda y grupos de manifestantes contrarios al presidente franc\u00e9s, Emmanuel Macron, reelegido este domingo para un nuevo mandato.<\/p>\n\n\n\n<p><strong>El suceso ha tenido lugar este domingo por la noche en la capital, Par\u00eds, despu\u00e9s de que un veh\u00edculo que circulaba en sentido contrario chocara contra la Polic\u00eda<\/strong>, seg\u00fan ha podido saber el diario&nbsp;<em>\u2018Le Figaro\u2019<\/em>&nbsp;a trav\u00e9s de una fuente policial.<\/p>\n\n\n\n<p><strong>\u201cUn autom\u00f3vil estaba estacionado en la direcci\u00f3n equivocada a lo largo de la plaza Vert-Galant en Pont-Neuf. La Polic\u00eda se acerc\u00f3 para controlar a las personas presentes en el veh\u00edculo apunt\u00e1ndolo con armas autom\u00e1ticas. El conductor sali\u00f3 corriendo hacia la Polic\u00eda a toda velocidad. La polic\u00eda dispar\u00f3 de inmediato\u201d<\/strong>, ha dicho esta fuente al citado medio.<\/p>\n\n\n\n<p>Las dos personas fallecidas son los ocupantes del veh\u00edculo y un tercer pasajero que ha resultado herido. La Polic\u00eda ha impuesto un per\u00edmetro de seguridad en la zona y ya se ha abierto una investigaci\u00f3n, tal y como han recogido fuentes policiales.<\/p>\n\n\n\n<p class=\"has-text-align-right\"><strong><em>Uni\u00f3n Radio.<\/em><\/strong>&#8211;<\/p>\n","protected":false},"excerpt":{"rendered":"<p>Al menos dos personas han muerto y una ha resultado herida en los alrededores del popular Pont-Neuf tras los altercados registrados en la capital y en distintos puntos del pa\u00eds entre la Polic\u00eda y grupos de manifestantes contrarios al presidente franc\u00e9s, Emmanuel Macron, reelegido este domingo para un nuevo mandato. El suceso ha tenido lugar [&hellip;]<\/p>\n","protected":false},"author":2,"featured_media":16878,"comment_status":"open","ping_status":"open","sticky":false,"template":"","format":"standard","meta":{"jnews-multi-image_gallery":[],"jnews_single_post":[],"jnews_primary_category":[],"jnews_social_meta":[],"jnews_review":[],"enable_review":"","type":"","name":"","summary":"","brand":"","sku":"","good":[],"bad":[],"score_override":"","override_value":"","rating":[],"price":[],"jnews_override_counter":[],"jnews_post_split":[],"footnotes":""},"categories":[88],"tags":[110,801,45,1041,65],"class_list":["post-16877","post","type-post","status-publish","format-standard","has-post-thumbnail","hentry","category-internacionales","tag-elecciones","tag-macron","tag-noticias","tag-paris","tag-sucesos"],"amp_enabled":true,"_links":{"self":[{"href":"https:\/\/esreviral.com\/index.php?rest_route=\/wp\/v2\/posts\/16877"}],"collection":[{"href":"https:\/\/esreviral.com\/index.php?rest_route=\/wp\/v2\/posts"}],"about":[{"href":"https:\/\/esreviral.com\/index.php?rest_route=\/wp\/v2\/types\/post"}],"author":[{"embeddable":true,"href":"https:\/\/esreviral.com\/index.php?rest_route=\/wp\/v2\/users\/2"}],"replies":[{"embeddable":true,"href":"https:\/\/esreviral.com\/index.php?rest_route=%2Fwp%2Fv2%2Fcomments&post=16877"}],"version-history":[{"count":0,"href":"https:\/\/esreviral.com\/index.php?rest_route=\/wp\/v2\/posts\/16877\/revisions"}],"wp:featuredmedia":[{"embeddable":true,"href":"https:\/\/esreviral.com\/index.php?rest_route=\/"}],"wp:attachment":[{"href":"https:\/\/esreviral.com\/index.php?rest_route=%2Fwp%2Fv2%2Fmedia&parent=16877"}],"wp:term":[{"taxonomy":"category","embeddable":true,"href":"https:\/\/esreviral.com\/index.php?rest_route=%2Fwp%2Fv2%2Fcategories&post=16877"},{"taxonomy":"post_tag","embeddable":true,"href":"https:\/\/esreviral.com\/index.php?rest_route=%2Fwp%2Fv2%2Ftags&post=16877"}],"curies":[{"name":"wp","href":"https:\/\/api.w.org\/{rel}","templated":true}]}}