{"id":16862,"date":"2022-04-25T10:11:18","date_gmt":"2022-04-25T13:11:18","guid":{"rendered":"https:\/\/esreviral.com\/?p=16862"},"modified":"2022-04-25T10:11:18","modified_gmt":"2022-04-25T13:11:18","slug":"asi-es-como-se-reconstruye-la-famosa-catedral-de-notre-dame-en-paris-despues-del-terrible-incendio","status":"publish","type":"post","link":"https:\/\/esreviral.com\/?p=16862","title":{"rendered":"As\u00ed es como se reconstruye la famosa catedral de Notre Dame en Par\u00eds despu\u00e9s del terrible incendio"},"content":{"rendered":"\n<p><strong>La catedral de Notre Dame, uno de los s\u00edmbolos de Par\u00eds, comienza a renacer tres a\u00f1os despu\u00e9s del incendio<\/strong>\u00a0que acab\u00f3 con su cubierta y puso en jaque uno de los templos g\u00f3ticos m\u00e1s emblem\u00e1ticos de la cristiandad,\u00a0<strong>cuya restauraci\u00f3n avanza con el ritmo previsto para reabrir al culto en 2024.\u00a0<\/strong>El presidente franc\u00e9s, Emmanuel Macron, visit\u00f3 este viernes las obras de\u00a0reconstrucci\u00f3n de la catedral de Notre Dame de Par\u00eds\u00a0en las que\u00a0<strong>ve \u201cun testimonio de esperanza\u201d.<\/strong><\/p>\n\n\n\n<p>\u201dEn este periodo de salida de la covid y guerra en Europa, es tambi\u00e9n un testimonio de esperanza, tiene mucho sentido\u201d, dijo el jefe del Estado\u00a0<strong>en plena campa\u00f1a electoral en la que se enfrenta el pr\u00f3ximo 24 de abril a la candidata de la extrema derecha Marine Le Pen.<\/strong><\/p>\n\n\n\n<p>Hace tres a\u00f1os, con los rescoldos todav\u00eda calientes, el mandatario franc\u00e9s prometi\u00f3 reconstruir la catedral en cinco a\u00f1os.\u00a0<strong>Un calendario que todav\u00eda se mantiene como la br\u00fajula, aunque los responsables lo consideran muy ambicioso<\/strong>\u00a0y creen que ser\u00e1 posible para entonces oficiar misa, pero no est\u00e1 tan claro que se abra a los 13 millones de visitantes que recib\u00eda\u00a0antes del incendio.<\/p>\n\n\n\n<figure class=\"wp-block-image\"><img decoding=\"async\" src=\"https:\/\/resizer.glanacion.com\/resizer\/H-DvJW7svzlNNKH5eLyqci-sFzE=\/310x0\/filters:format(webp):quality(80)\/cloudfront-us-east-1.images.arcpublishing.com\/lanacionar\/SH6TYZCXGZAS5JVNJZ3DJU7EOM.jpeg\" alt=\"El presidente Emmanuel Macron y su esposa, Brigitte Macron, junto a trabajadores en la catedral de Notre Dame\"\/><figcaption>El presidente Emmanuel Macron y su esposa, Brigitte Macron, junto a trabajadores en la catedral de Notre DameEFE<\/figcaption><\/figure>\n\n\n\n<p><span style=\"background-color:#a3000d\" class=\"td_text_highlight_marker\">La restauraci\u00f3n va a buen ritmo<\/span><\/p>\n\n\n\n<p>La restauraci\u00f3n avanza al ritmo marcado y, tras haber superado la fase de consolidaci\u00f3n, comienzan a restaurar el formato original de la catedral.\u00a0<strong>Los obreros lograron ya retirar el material da\u00f1ado, asegurar las estructuras y cubrir el templo<\/strong>\u00a0con un tejado provisional a la espera de que llegue el nuevo. Adem\u00e1s, se limpiaron los muros del plomo que los impregn\u00f3 durante el incendio y, de paso, de los efectos del tiempo, por lo que lucir\u00e1n m\u00e1s blancos cuando\u00a0se retire el andamiaje que los cubre.<\/p>\n\n\n\n<p>El a\u00f1o pr\u00f3ximo est\u00e1 prevista la fase m\u00e1s espectacular de la reconstrucci\u00f3n, la que supondr\u00e1 levantar de nuevo<strong>&nbsp;la aguja que ardi\u00f3 en la tarde de aquel 15 de abril de 2019, id\u00e9ntica a la que hizo en el siglo XIX el arquitecto Eug\u00e8ne Viollet le Duc.<\/strong><\/p>\n\n\n\n<p>Para ello, ser\u00e1 necesario montar, antes de que acabe este a\u00f1o, una nueva estructura de andamiaje de 600 toneladas, que servir\u00e1 tambi\u00e9n de base para la construcci\u00f3n del nuevo artesonado, para el que ya se comenzaron a talar mil robles en todo el pa\u00eds que est\u00e1n siendo convertidos en estructuras de madera en 45 serrer\u00edas.<\/p>\n\n\n\n<figure class=\"wp-block-image\"><img decoding=\"async\" src=\"https:\/\/resizer.glanacion.com\/resizer\/iToqfNGTga60PVPhgjYC2yJrVHc=\/310x0\/filters:format(webp):quality(80)\/cloudfront-us-east-1.images.arcpublishing.com\/lanacionar\/5Z27JVN5K5F5VCHLNSLKT3CRAI.jpeg\" alt=\"Antes de que acabe este a\u00f1o, los trabajadores necesitan instalar una nueva estructura de andamiaje de 600 toneladas\"\/><figcaption>Antes de que acabe este a\u00f1o, los trabajadores necesitan instalar una nueva estructura de andamiaje de 600 toneladasEFE<\/figcaption><\/figure>\n\n\n\n<p>La restauraci\u00f3n avanza tambi\u00e9n en el interior, donde dos de las 24 capillas fueron ya devueltas a su estado anterior al paso de&nbsp;<strong>las llamas, mientras el \u00f3rgano, muy da\u00f1ado, est\u00e1 siendo restaurado en tres talleres del centro y el sur de Francia.<\/strong><\/p>\n\n\n\n<p><span style=\"background-color:#a30009\" class=\"td_text_highlight_marker\">Sorpresas halladas durante los trabajos<\/span><\/p>\n\n\n\n<p>Pero\u00a0las obras de limpieza del interior\u00a0estuvieron acompa\u00f1adas de una campa\u00f1a arqueol\u00f3gica sac\u00f3 a la luz algunos de los secretos que\u00a0<strong>todav\u00eda guarda el templo inmortalizado en la literatura por Victor Hugo.<\/strong><\/p>\n\n\n\n<figure class=\"wp-block-image\"><img decoding=\"async\" src=\"https:\/\/resizer.glanacion.com\/resizer\/6_50QJ5gXwLjIZLqA-3pq1brzBE=\/310x0\/filters:format(webp):quality(80)\/cloudfront-us-east-1.images.arcpublishing.com\/lanacionar\/NNIAHVIJV5CN5DB3BV2KDHPC54.jpeg\" alt=\"Los obreros lograron ya retirar el material da\u00f1ado\"\/><figcaption>Los obreros lograron ya retirar el material da\u00f1adoAFP<\/figcaption><\/figure>\n\n\n\n<p>Previstas para tres semanas, estas excavaciones duraron dos meses y sacaron a la luz dos importantes hallazgos. En primer lugar,<strong>&nbsp;un sarc\u00f3fago antropomorfo de plomo situado 80 cent\u00edmetros bajo el suelo de la nave<\/strong>&nbsp;que los expertos atribuyen a un alto dignatario religioso.<\/p>\n\n\n\n<p>Adem\u00e1s, entre los escombros del transepto, sobre el que se situaba la aguja, aparecieron restos de un antiguo altar del siglo XIII que fue destruido 500 a\u00f1os m\u00e1s tarde para adaptarlo a las nuevas necesidades de culto de la \u00e9poca.<\/p>\n\n\n\n<p>Su riqueza reside en que conservan una policrom\u00eda mejor que los vestigios medievales\u00a0<strong>hasta ahora conservados de Notre Dame, que est\u00e1n en el museo del Louvre, lo que supone un avance significativo\u00a0en el conocimiento del templo original.<\/strong><\/p>\n\n\n\n<figure class=\"wp-block-image\"><img decoding=\"async\" src=\"https:\/\/resizer.glanacion.com\/resizer\/xjwiZPQ9iEAUqcWX3K0OqEbpxNQ=\/310x0\/filters:format(webp):quality(80)\/cloudfront-us-east-1.images.arcpublishing.com\/lanacionar\/MBXLJITOSVBKJBRD55P4CQJE6A.jpeg\" alt=\"Una campa\u00f1a arqueol\u00f3gica que ha sacado a la luz algunos de los secretos que todav\u00eda guarda el templo\"\/><figcaption>Una campa\u00f1a arqueol\u00f3gica que ha sacado a la luz algunos de los secretos que todav\u00eda guarda el temploEFE<\/figcaption><\/figure>\n\n\n\n<p>Junto a los arque\u00f3logos, los obreros y los especialistas, entre el laberinto de andamios que es hoy la catedral tambi\u00e9n deambulan investigadores que tratan de determinar los motivos de la cat\u00e1strofe que paraliz\u00f3 al mundo entero.<\/p>\n\n\n\n<p>Fuentes de la investigaci\u00f3n indican que la hip\u00f3tesis de un incendio accidental,<strong>\u00a0ligado a las obras de restauraci\u00f3n que estaban en curso en 2019 sigue siendo la que tiene m\u00e1s peso,\u00a0<\/strong>aunque por ahora no se descartan otras,\u00a0como la de una posible intervenci\u00f3n humana voluntaria.<\/p>\n\n\n\n<figure class=\"wp-block-image\"><img decoding=\"async\" src=\"https:\/\/resizer.glanacion.com\/resizer\/wKVHmIIo2YLPzE_uEf-dYETphQk=\/310x0\/filters:format(webp):quality(80)\/cloudfront-us-east-1.images.arcpublishing.com\/lanacionar\/MROKCYIGG5D3PCJODXMPTIG5KY.jpeg\" alt=\"Sarc\u00f3fago del siglo XIV encontrado en las entra\u00f1as del piso de Notre Dame\"\/><figcaption>Sarc\u00f3fago del siglo XIV encontrado en las entra\u00f1as del piso de Notre DameEFE<\/figcaption><\/figure>\n\n\n\n<p>Las pesquisas indican que las llamas se generaron en el envigado del \u00e1ngulo sureste del transepto, al tiempo que\u00a0<strong>sacaron a la luz algunas deficiencias estructurales y en el sistema anti-incendios, lo que retras\u00f3 la alerta y la posterior llegada de los bomberos.<\/strong><\/p>\n\n\n\n<p class=\"has-text-align-right\"><strong><em>La Nacion.-<\/em><\/strong><\/p>\n\n\n\n<p><a rel=\"noreferrer noopener\" href=\"https:\/\/www.lanacion.com.ar\/estados-unidos\/una-jueza-de-florida-anulo-la-obligacion-de-usar-barbijo-en-aviones-y-trenes-en-eeuu-nid19042022\/\" target=\"_blank\"><\/a><\/p>\n","protected":false},"excerpt":{"rendered":"<p>El ritmo de construcci\u00f3n se increment\u00f3 y no estuvo de exento de sorpresas<\/p>\n","protected":false},"author":2,"featured_media":16880,"comment_status":"open","ping_status":"open","sticky":false,"template":"","format":"standard","meta":{"jnews-multi-image_gallery":[],"jnews_single_post":[],"jnews_primary_category":[],"jnews_social_meta":[],"jnews_review":[],"enable_review":"","type":"","name":"","summary":"","brand":"","sku":"","good":[],"bad":[],"score_override":"","override_value":"","rating":[],"price":[],"jnews_override_counter":[],"jnews_post_split":[],"footnotes":""},"categories":[88],"tags":[1848,45,1849,1041],"class_list":["post-16862","post","type-post","status-publish","format-standard","has-post-thumbnail","hentry","category-internacionales","tag-catedral-de-notre-dame","tag-noticias","tag-notre-dame","tag-paris"],"amp_enabled":true,"_links":{"self":[{"href":"https:\/\/esreviral.com\/index.php?rest_route=\/wp\/v2\/posts\/16862"}],"collection":[{"href":"https:\/\/esreviral.com\/index.php?rest_route=\/wp\/v2\/posts"}],"about":[{"href":"https:\/\/esreviral.com\/index.php?rest_route=\/wp\/v2\/types\/post"}],"author":[{"embeddable":true,"href":"https:\/\/esreviral.com\/index.php?rest_route=\/wp\/v2\/users\/2"}],"replies":[{"embeddable":true,"href":"https:\/\/esreviral.com\/index.php?rest_route=%2Fwp%2Fv2%2Fcomments&post=16862"}],"version-history":[{"count":0,"href":"https:\/\/esreviral.com\/index.php?rest_route=\/wp\/v2\/posts\/16862\/revisions"}],"wp:featuredmedia":[{"embeddable":true,"href":"https:\/\/esreviral.com\/index.php?rest_route=\/"}],"wp:attachment":[{"href":"https:\/\/esreviral.com\/index.php?rest_route=%2Fwp%2Fv2%2Fmedia&parent=16862"}],"wp:term":[{"taxonomy":"category","embeddable":true,"href":"https:\/\/esreviral.com\/index.php?rest_route=%2Fwp%2Fv2%2Fcategories&post=16862"},{"taxonomy":"post_tag","embeddable":true,"href":"https:\/\/esreviral.com\/index.php?rest_route=%2Fwp%2Fv2%2Ftags&post=16862"}],"curies":[{"name":"wp","href":"https:\/\/api.w.org\/{rel}","templated":true}]}}