{"id":1679,"date":"2020-11-15T14:49:39","date_gmt":"2020-11-15T14:49:39","guid":{"rendered":"http:\/\/esreviral.com\/?p=1679"},"modified":"2020-11-15T14:49:39","modified_gmt":"2020-11-15T14:49:39","slug":"estudian-posibilidad-de-sacar-del-poder-al-nuevo-presidente-de-peru-manuel-merino","status":"publish","type":"post","link":"https:\/\/esreviral.com\/?p=1679","title":{"rendered":"Estudian posibilidad de sacar del poder al nuevo presidente de Per\u00fa, Manuel Merino"},"content":{"rendered":"\n<p>La\u00a0Junta de Portavoces del Congreso peruano\u00a0se re\u00fane este domingo para abordar la\u00a0crisis pol\u00edtica\u00a0y discutir una\u00a0posible salida del nuevo presidente, Manuel Merino, mientras se discute cu\u00e1ntos votos necesitar\u00eda la C\u00e1mara para forzar la destituci\u00f3n.<\/p>\n\n\n\n<p>Por el momento, Merino, que asumi\u00f3 la presidencia el martes tras la vacancia de Mart\u00edn Vizcarra,\u00a0no ha dado se\u00f1ales de querer renunciar, pese a que los reclamos se multiplicaron tras la\u00a0muerte de dos manifestantes\u00a0por la represi\u00f3n policial.\u00a0Trece de los 18 ministros del nuevo gabinete presentaron su renuncia.<\/p>\n\n\n\n<p>Aunque hubo intentos para una reuni\u00f3n virtual de madrugada,\u00a0la Junta de Portavoces de las bancadas fue convocada para las 8 de la ma\u00f1ana (13 GMT).\u00a0\u201cHay que tomar una decisi\u00f3n mayor, ma\u00f1ana (domingo) elecci\u00f3n de una nueva junta directiva para una sucesi\u00f3n constitucional\u201d, indic\u00f3 el jefe del Congreso, Luis Valdez, quien\u00a0pidi\u00f3 la renuncia de Merino,\u00a0cuyo paradero era desconocido.<\/p>\n\n\n\n<p>Seg\u00fan la prensa local, el presidente sostiene que el costo pol\u00edtico de las muertes en la protesta es asumido por el ministro del Interior, Gast\u00f3n Rodr\u00edguez, quien ya dej\u00f3 el cargo. Por ello,\u00a0su posici\u00f3n es que para dejar el cargo no bastar\u00eda una censura del Congreso (66 votos de los 130, alcanzables seg\u00fan los conteos preliminares) y tendr\u00eda que ser vacado, un proceso que requiere 87 votos. Los constitucionalistas todav\u00eda est\u00e1n analizando cu\u00e1les son los requisitos para desplazar a Merino, que cada vez pierde m\u00e1s apoyos.<\/p>\n\n\n\n<blockquote class=\"wp-block-quote td_quote_box td_box_center is-layout-flow wp-block-quote-is-layout-flow\"><p><strong>Si Merino contin\u00faa en el poder, debe completar el mandato de Vizcarra y entregar el poder el 28 de julio de 2021. Las elecciones generales ya est\u00e1n convocadas para abril<\/strong><\/p><\/blockquote>\n\n\n\n<p>Entre los\u00a0posibles candidatos\u00a0para asumir la nueva Junta Directa y, por tanto, la presidencia (en caso de concretar la censura y destituci\u00f3n de Merino), figuran varios integrantes del centrista Partido Morado, que el lunes vot\u00f3 en contra de la vacancia de Vizcarra. En ese sentido, el escritor y analista pol\u00edtico\u00a0Mario Vargas Llosa propuso al congresista Gino Costa\u00a0como figura id\u00f3nea para el per\u00edodo de transici\u00f3n.<\/p>\n\n\n\n<p><mark><strong><span style=\"background-color:#9a1b22\" class=\"td_text_highlight_marker\">Incertidumbre<\/span><\/strong><\/mark><\/p>\n\n\n\n<p>Hacia las 2 de la madrugada (7 GMT) de este domingo, el gobierno difundi\u00f3 una foto de una reuni\u00f3n de Merino con su gabinete, pero surgieron dudas de cu\u00e1ndo hab\u00eda sido tomada pues aparec\u00eda el ministro de Salud, quien hab\u00eda renunciado horas antes. En total, 13 ministros de los 18 miembros del gabinete presentaron su dimisi\u00f3n.<\/p>\n\n\n\n<p>Los\u00a0partidos que no votaron a favor de la salida de Mart\u00edn Vizcarra est\u00e1n en conversaciones para intentar conformar una nueva Mesa Directiva, aunque todav\u00eda no pueden confirmar que tengan los apoyos suficientes, a la espera de la definici\u00f3n de disidentes de otras bancadas.<\/p>\n\n\n\n<p>Despu\u00e9s de la medianoche tambi\u00e9n\u00a0corrieron los rumores de una posible salida de Merino del pa\u00eds\u00a0en un avi\u00f3n desde el grupo a\u00e9reo militar de Lima, anexo al aeropuerto internacional de la capital peruana. Esto llev\u00f3 a la empresa Lima Airport Partners, que administra el aeropuerto, a se\u00f1alar que la terminal estar\u00e1 cerrada y sin vuelos hasta el amanecer.<\/p>\n\n\n\n<figure class=\"wp-block-image size-large\"><img decoding=\"async\" src=\"https:\/\/www.infobae.com\/new-resizer\/3No9OQ9PnIgGh3e_Zm-hmEFOJ-M=\/768x512\/filters:format(jpg):quality(85)\/cloudfront-us-east-1.images.arcpublishing.com\/infobae\/3PVASTL2R5HEHBT7EFN447XOJQ.jpg\" alt=\"\"\/><\/figure>\n\n\n\n<p><strong><em>Infobae.-<\/em><\/strong><\/p>\n","protected":false},"excerpt":{"rendered":"<p>El titular de la C\u00e1mara ha pedido la renuncia del mandatario, que asumi\u00f3 el martes pasado tras la pol\u00e9mica destituci\u00f3n de Vizcarra. Los enfrentamientos en las protestas ya dejaron dos muertos y motivaron la dimisi\u00f3n de 13 de los 18 ministros<\/p>\n","protected":false},"author":2,"featured_media":1680,"comment_status":"open","ping_status":"open","sticky":false,"template":"","format":"standard","meta":{"jnews-multi-image_gallery":[],"jnews_single_post":[],"jnews_primary_category":[],"jnews_social_meta":[],"jnews_review":[],"enable_review":"","type":"","name":"","summary":"","brand":"","sku":"","good":[],"bad":[],"score_override":"","override_value":"","rating":[],"price":[],"jnews_override_counter":[],"jnews_post_split":[],"footnotes":""},"categories":[43,88,59],"tags":[219,123,45,232],"class_list":["post-1679","post","type-post","status-publish","format-standard","has-post-thumbnail","hentry","category-actualidad","category-internacionales","category-politica","tag-crisis","tag-informacion","tag-noticias","tag-peru"],"amp_enabled":true,"_links":{"self":[{"href":"https:\/\/esreviral.com\/index.php?rest_route=\/wp\/v2\/posts\/1679"}],"collection":[{"href":"https:\/\/esreviral.com\/index.php?rest_route=\/wp\/v2\/posts"}],"about":[{"href":"https:\/\/esreviral.com\/index.php?rest_route=\/wp\/v2\/types\/post"}],"author":[{"embeddable":true,"href":"https:\/\/esreviral.com\/index.php?rest_route=\/wp\/v2\/users\/2"}],"replies":[{"embeddable":true,"href":"https:\/\/esreviral.com\/index.php?rest_route=%2Fwp%2Fv2%2Fcomments&post=1679"}],"version-history":[{"count":0,"href":"https:\/\/esreviral.com\/index.php?rest_route=\/wp\/v2\/posts\/1679\/revisions"}],"wp:featuredmedia":[{"embeddable":true,"href":"https:\/\/esreviral.com\/index.php?rest_route=\/"}],"wp:attachment":[{"href":"https:\/\/esreviral.com\/index.php?rest_route=%2Fwp%2Fv2%2Fmedia&parent=1679"}],"wp:term":[{"taxonomy":"category","embeddable":true,"href":"https:\/\/esreviral.com\/index.php?rest_route=%2Fwp%2Fv2%2Fcategories&post=1679"},{"taxonomy":"post_tag","embeddable":true,"href":"https:\/\/esreviral.com\/index.php?rest_route=%2Fwp%2Fv2%2Ftags&post=1679"}],"curies":[{"name":"wp","href":"https:\/\/api.w.org\/{rel}","templated":true}]}}