{"id":16754,"date":"2022-04-21T12:01:14","date_gmt":"2022-04-21T15:01:14","guid":{"rendered":"https:\/\/esreviral.com\/?p=16754"},"modified":"2022-04-21T12:01:14","modified_gmt":"2022-04-21T15:01:14","slug":"expresidente-de-honduras-juan-orlando-hernandez-sera-extraditado-a-eeuu-en-la-tarde-del-jueves","status":"publish","type":"post","link":"https:\/\/esreviral.com\/?p=16754","title":{"rendered":"Expresidente de Honduras Juan Orlando Hern\u00e1ndez ser\u00e1 extraditado a EEUU en la tarde del jueves"},"content":{"rendered":"\n<p class=\"has-drop-cap\">En caso de que sea encontrado culpable de narcotr\u00e1fico y tr\u00e1fico de armas, el expresidente Juan Orlando Hern\u00e1ndez, de 53 a\u00f1os, se enfrentar\u00eda a una sentencia m\u00ednima obligatoria de 40 a\u00f1os de prisi\u00f3n.TEGUCIGALPA \u2014&nbsp;<\/p>\n\n\n\n<p>El expresidente de Honduras, Juan Orlando Hern\u00e1ndez, ser\u00e1 extraditado este jueves en virtud de una orden de deportaci\u00f3n hacia Estados Unidos, donde ser\u00e1 procesado por acusaciones de tr\u00e1fico de drogas y de armas.<\/p>\n\n\n\n<p>As\u00ed lo anunci\u00f3 el gobierno de la naci\u00f3n centroamericana en un comunicado durante una conferencia de prensa el miercoles en la noche, donde precis\u00f3 que el procedimiento tendr\u00e1 lugar este jueves 21 de abril a las 7.00 de la ma\u00f1ana, hora local.<\/p>\n\n\n\n<p>Este jueves, las autoridades policiales locales informaron a reporteros que el operativo est\u00e1 retrasado y que se espera que se produzca a partir de la 1:00 de la tarde, hora local, cuando est\u00e1 previsto que llegue el vuelo de la DEA que lo trasladar\u00e1 en extradici\u00f3n a Estados Unidos.<\/p>\n\n\n\n<p>\u00abEl Estado de Honduras en atenci\u00f3n a Acuerdo de Extradici\u00f3n que existe con Estados Unidos de Am\u00e9rica y siguiendo la norma jur\u00eddica emanada por la Corte Suprema de Justicia a trav\u00e9s del Juez Natural, proceder\u00e1 a ejecutar la orden de extradici\u00f3n del ciudadano Juan Orlando Hern\u00e1ndez Alvarado\u00bb, indic\u00f3 el texto.<\/p>\n\n\n\n<p>Hern\u00e1ndez gobern\u00f3 Honduras entre 2014 y 2022. Su hermano, el exlegislador Juan Antonio \u00abTony\u00bb Hern\u00e1ndez fue tambi\u00e9n arrestado en noviembre de 2018 por cargos de narcotr\u00e1fico y tr\u00e1fico de armas y luego condenado a cadena perpetua en un tribunal federal de Nueva York.<\/p>\n\n\n\n<p>La extradici\u00f3n del exmandatario hondure\u00f1o ocurre un d\u00eda despu\u00e9s de un simulacro de seguridad el mi\u00e9rcoles, que gener\u00f3 expectativas de una pronta deportaci\u00f3n.<\/p>\n\n\n\n<p>En la operaci\u00f3n particip\u00f3 la Polic\u00eda Nacional de Honduras con dos helic\u00f3pteros y dos caravanas de veh\u00edculos blindados desde la sede de una unidad especial de la misma instituci\u00f3n, donde Hern\u00e1ndez permanece recluido desde el 15 de febrero, hasta la Base A\u00e9rea.<\/p>\n\n\n\n<p>Una vez en Estados Unidos, Hern\u00e1ndez ser\u00e1 presentado ante el mismo tribunal del Distrito Sur de Nueva York que conden\u00f3 a su hermano.<\/p>\n\n\n\n<p>En caso de que sea encontrado culpable, el expresidente, de 53 a\u00f1os, se enfrentar\u00eda a una sentencia m\u00ednima obligatoria de 40 a\u00f1os de prisi\u00f3n.<\/p>\n\n\n\n<p>Ser\u00e1 trasladado el jueves en un avi\u00f3n de la Administraci\u00f3n de Control de Drogas (DEA, por sus siglas en ingl\u00e9s) que llegar\u00e1 el jueves a Honduras para efectuar el operativo, inform\u00f3 el mi\u00e9rcoles la agencia Reuters citando al asesor de la presidencia, Manuel Zelaya. La aeronave aterrizar\u00e1 a las siete de la ma\u00f1ana en el aeropuerto internacional Toncont\u00edn, inform\u00f3 Zelaya a la televisora hondure\u00f1a HCH.<\/p>\n\n\n\n<p><span style=\"background-color:#9a1b22\" class=\"td_text_highlight_marker\">Bufete estadounidense defender\u00e1 al expresidente hondure\u00f1o<\/span><\/p>\n\n\n\n<p>As\u00ed lo inform\u00f3 la familia de Hern\u00e1ndez en un texto dirigido a la comunidad nacional e internacional: \u00abSe ha tomado la decisi\u00f3n de contratar a la firma de abogados Raymond Col\u00f3n (&#8230;) para la defensa del expresidente, padre, hermano, abuelo y esposo, Juan Orlando Hern\u00e1ndez, en los tribunales del Condado Sur de Nueva York\u00bb.<\/p>\n\n\n\n<p>El texto dijo adem\u00e1s que \u00aba partir de este momento esta firma de abogados ser\u00e1n los \u00fanicos autorizados a dar declaraciones ante los medios de comunicaci\u00f3n en relaci\u00f3n al caso que la fiscal\u00eda norteamericana ha presentado\u00bb en su contra.<\/p>\n\n\n\n<p>La familia reiter\u00f3 en el texto el argumento sobre \u00abla inocencia\u00bb del expresidente y asegura que est\u00e1 siendo \u00abv\u00edctima de la venganza de los narcotraficantes que \u00e9l mismo extradit\u00f3 o que oblig\u00f3 a huir a Estados Unidos\u00bb.<\/p>\n\n\n\n<p>Indic\u00f3 adem\u00e1s que los que le han acusado lo hicieron \u00abreducir sus penas a cambio de, y en base a mentiras, acusar al expresidente de cometer actos re\u00f1idos con la ley de ese pa\u00eds\u00bb. El comunicado afirma que se trata de \u00ablas mentiras que pronto van a ser desvanecidas por el equipo de defensa\u00bb.<\/p>\n\n\n\n<p>\u00abConfiamos en la justicia norteamericana\u00bb, concluy\u00f3 el texto que elogi\u00f3 su trabajo al frente del gobierno.<\/p>\n\n\n\n<p class=\"has-text-align-right\"><strong><em>vozdeamerica.com<\/em><\/strong><\/p>\n","protected":false},"excerpt":{"rendered":"<p>Expresidente de Honduras, Juan Orlando Hern\u00e1ndez, ser\u00e1 extraditado a EEUU en la tarde del jueves, tras un retraso del vuelo, anunciaron las autoridades policiales hondure\u00f1as el jueves 21 de abril de 2022.<\/p>\n","protected":false},"author":2,"featured_media":16755,"comment_status":"open","ping_status":"open","sticky":false,"template":"","format":"standard","meta":{"jnews-multi-image_gallery":[],"jnews_single_post":[],"jnews_primary_category":[],"jnews_social_meta":[],"jnews_review":[],"enable_review":"","type":"","name":"","summary":"","brand":"","sku":"","good":[],"bad":[],"score_override":"","override_value":"","rating":[],"price":[],"jnews_override_counter":[],"jnews_post_split":[],"footnotes":""},"categories":[88],"tags":[1827,1828,111,45],"class_list":["post-16754","post","type-post","status-publish","format-standard","has-post-thumbnail","hentry","category-internacionales","tag-eeuu","tag-expresidente-de-honduras","tag-internacionales","tag-noticias"],"amp_enabled":true,"_links":{"self":[{"href":"https:\/\/esreviral.com\/index.php?rest_route=\/wp\/v2\/posts\/16754"}],"collection":[{"href":"https:\/\/esreviral.com\/index.php?rest_route=\/wp\/v2\/posts"}],"about":[{"href":"https:\/\/esreviral.com\/index.php?rest_route=\/wp\/v2\/types\/post"}],"author":[{"embeddable":true,"href":"https:\/\/esreviral.com\/index.php?rest_route=\/wp\/v2\/users\/2"}],"replies":[{"embeddable":true,"href":"https:\/\/esreviral.com\/index.php?rest_route=%2Fwp%2Fv2%2Fcomments&post=16754"}],"version-history":[{"count":0,"href":"https:\/\/esreviral.com\/index.php?rest_route=\/wp\/v2\/posts\/16754\/revisions"}],"wp:featuredmedia":[{"embeddable":true,"href":"https:\/\/esreviral.com\/index.php?rest_route=\/"}],"wp:attachment":[{"href":"https:\/\/esreviral.com\/index.php?rest_route=%2Fwp%2Fv2%2Fmedia&parent=16754"}],"wp:term":[{"taxonomy":"category","embeddable":true,"href":"https:\/\/esreviral.com\/index.php?rest_route=%2Fwp%2Fv2%2Fcategories&post=16754"},{"taxonomy":"post_tag","embeddable":true,"href":"https:\/\/esreviral.com\/index.php?rest_route=%2Fwp%2Fv2%2Ftags&post=16754"}],"curies":[{"name":"wp","href":"https:\/\/api.w.org\/{rel}","templated":true}]}}