{"id":1670,"date":"2020-11-14T17:37:56","date_gmt":"2020-11-14T17:37:56","guid":{"rendered":"http:\/\/esreviral.com\/?p=1670"},"modified":"2020-11-14T17:37:56","modified_gmt":"2020-11-14T17:37:56","slug":"34-de-abortos-legales-en-colombia-son-practicados-a-venezolanas","status":"publish","type":"post","link":"https:\/\/esreviral.com\/?p=1670","title":{"rendered":"34% de abortos legales en Colombia son practicados a venezolanas"},"content":{"rendered":"\n<p>Un reportaje publicado en Rolling Stone Colombia revel\u00f3 que&nbsp;<strong>34% de los abortos legales en ese pa\u00eds practicados durante la pandemia corresponden a mujeres venezolanas<\/strong>.<\/p>\n\n\n\n<p>\u201cEl aborto, un derecho para las&nbsp;<strong>migrantes en Colombia<\/strong>\u201d es el nombre del reportaje de Laura V\u00e1squez Roa en el que se aborda c\u00f3mo las mujeres migrantes venezolanas pueden acceder al&nbsp;<strong>aborto legal en Colombia<\/strong>, aunque hay desconocimiento sobre esta posibilidad.<\/p>\n\n\n\n<p>El reportaje relata la historia de Aurora, una mujer venezolana de 32 a\u00f1os de edad y madre de dos hijos quien fue v\u00edctima de violaci\u00f3n. \u201cCorr\u00ed con la mala suerte de que me violaron y sal\u00ed embarazada. Decid\u00ed regresar a Venezuela porque ten\u00eda miedo de estar en Colombia despu\u00e9s de lo que me pas\u00f3\u2026ten\u00eda mucho miedo\u201d expres\u00f3 durante la entrevista.<\/p>\n\n\n\n<p>Inmediatamente pens\u00f3 en recurrir al aborto pero era muy escasa la informaci\u00f3n con la que contaba. Finalmente y despu\u00e9s de ser estafada \u00abencontr\u00f3 informaci\u00f3n de un grupo de acompa\u00f1amiento feminista que la orient\u00f3 para que<strong>&nbsp;accediera al aborto de forma segura&nbsp;<\/strong>por medio de un proyecto de Profamilia, una entidad especializada en salud sexual y reproductiva\u00bb relata el reportaje.<\/p>\n\n\n\n<p>\u201cAurora no se lo pod\u00eda creer. No ten\u00eda idea de que en Colombia el aborto era legal. Y bueno, es que no lo es, pero s\u00ed est\u00e1 despenalizado cuando: corre riesgo la vida y la salud de la mujer o persona gestante; cuando la supervivencia del feto es inviable por fuera del \u00fatero y cuando el embarazo es producto de incesto o de violencia sexual. Ese era su caso\u201d, se lee en el reportaje de Laura V\u00e1squez Roa.<\/p>\n\n\n\n<p>En el texto publicado en Rolling Stone Colombia, Laura V\u00e1squez Roa entrevista a Carolina Trivi\u00f1o, abogada de La Mesa por la vida y la salud de las mujeres, una organizaci\u00f3n que document\u00f3 las dificultades que enfrentan ni\u00f1as, j\u00f3venes y mujeres&nbsp;<strong>migrantes venezolana<\/strong>s cuando solicitan servicios de aborto en Colombia.<\/p>\n\n\n\n<p>Trivi\u00f1o muestra que, de los 65 abortos legales atendidos entre el 1 de marzo y 31 de agosto, 22 corresponden a mujeres migrantes venezolanas, es decir, 34%.<\/p>\n\n\n\n<p>En el texto tambi\u00e9n se menciona que la pandemia y el\u00a0<strong>cierre de fronteras entre Colombia y Venezuela<\/strong>\u00a0ha dificultado el movimiento de las mujeres migrantes venezolanas que podr\u00edan acercarse a Colombia con el motivo de abortar de formar legal y segura, algo que no se puede hacer en Venezuela.<\/p>\n\n\n\n<p class=\"has-text-align-right\"><strong><em>El Impulso.-<\/em><\/strong><\/p>\n","protected":false},"excerpt":{"rendered":"<p>De los 65 abortos legales atendidos entre el 1 de marzo y 31 de agosto, 22 corresponden a mujeres migrantes venezolanas<\/p>\n","protected":false},"author":2,"featured_media":1671,"comment_status":"open","ping_status":"open","sticky":false,"template":"","format":"standard","meta":{"jnews-multi-image_gallery":[],"jnews_single_post":[],"jnews_primary_category":[],"jnews_social_meta":[],"jnews_review":[],"enable_review":"","type":"","name":"","summary":"","brand":"","sku":"","good":[],"bad":[],"score_override":"","override_value":"","rating":[],"price":[],"jnews_override_counter":[],"jnews_post_split":[],"footnotes":""},"categories":[88],"tags":[229,283,56],"class_list":["post-1670","post","type-post","status-publish","format-standard","has-post-thumbnail","hentry","category-internacionales","tag-aborto-legal","tag-colombia","tag-venezuela"],"_links":{"self":[{"href":"https:\/\/esreviral.com\/index.php?rest_route=\/wp\/v2\/posts\/1670","targetHints":{"allow":["GET"]}}],"collection":[{"href":"https:\/\/esreviral.com\/index.php?rest_route=\/wp\/v2\/posts"}],"about":[{"href":"https:\/\/esreviral.com\/index.php?rest_route=\/wp\/v2\/types\/post"}],"author":[{"embeddable":true,"href":"https:\/\/esreviral.com\/index.php?rest_route=\/wp\/v2\/users\/2"}],"replies":[{"embeddable":true,"href":"https:\/\/esreviral.com\/index.php?rest_route=%2Fwp%2Fv2%2Fcomments&post=1670"}],"version-history":[{"count":0,"href":"https:\/\/esreviral.com\/index.php?rest_route=\/wp\/v2\/posts\/1670\/revisions"}],"wp:featuredmedia":[{"embeddable":true,"href":"https:\/\/esreviral.com\/index.php?rest_route=\/"}],"wp:attachment":[{"href":"https:\/\/esreviral.com\/index.php?rest_route=%2Fwp%2Fv2%2Fmedia&parent=1670"}],"wp:term":[{"taxonomy":"category","embeddable":true,"href":"https:\/\/esreviral.com\/index.php?rest_route=%2Fwp%2Fv2%2Fcategories&post=1670"},{"taxonomy":"post_tag","embeddable":true,"href":"https:\/\/esreviral.com\/index.php?rest_route=%2Fwp%2Fv2%2Ftags&post=1670"}],"curies":[{"name":"wp","href":"https:\/\/api.w.org\/{rel}","templated":true}]}}