{"id":16652,"date":"2022-04-19T17:22:07","date_gmt":"2022-04-19T20:22:07","guid":{"rendered":"https:\/\/esreviral.com\/?p=16652"},"modified":"2022-04-19T17:22:07","modified_gmt":"2022-04-19T20:22:07","slug":"estas-son-algunas-de-las-venezolanas-que-participaran-en-la-feria-internacional-del-libro-de-argentina","status":"publish","type":"post","link":"https:\/\/esreviral.com\/?p=16652","title":{"rendered":"Estas son algunas de las venezolanas que participar\u00e1n en la Feria Internacional del Libro de Argentina"},"content":{"rendered":"\n<p><strong><em>CIS.-<\/em><\/strong> Del 28 de abril al 16 de mayo de 2022 se dar\u00e1n cita en el predio de La Rural de la Ciudad de Buenos Aires, <strong>los mejores autores del mundo de hablahispana en la Feria Internacional del Libro<\/strong>, que luego de dos a\u00f1os de ausencia por la pandemia, regresa. <\/p>\n\n\n\n<p>Y como no era de extra\u00f1arse, <strong>un gran n\u00famero de escritores venezolanos estar\u00e1n presentes,<\/strong> unos de manera individual y otros en conjunto representando a editoriales o librer\u00edas, como es el caso de Stephany Hern\u00e1ndez, quien no s\u00f3lo debutar\u00e1 en este evento como autora sino como directora de una librer\u00eda independiente, LG Literario, y que le dio la oportunidad a sus connacionales. <\/p>\n\n\n\n<p>\u00abLa verdad, es que con dos a\u00f1os de pausado este evento, pienso que este a\u00f1o ser\u00e1 muy grande.<strong> Es el evento literario m\u00e1s grande de pa\u00edses de habla hispana y uno de los cinco m\u00e1s importantes del mundo.<\/strong> Obvio estoy muy nerviosa, <strong>es primera vez que participo en un evento tan grande como escritora y como due\u00f1a de una librer\u00eda.<\/strong> Creo que es m\u00e1s que un sue\u00f1o cumplido, como librer\u00eda la meta m\u00e1s grande que ten\u00eda era llegar a participar en este evento y se cumpli\u00f3 mucho m\u00e1s r\u00e1pido de lo que esper\u00e9. Estoy muy agradecida con la editorial que me invit\u00f3 que es Mir\u00edficas ediciones, una editorial hecha de mujeres y para mujeres\u00bb, explic\u00f3 la tambi\u00e9n deportista venezolana que hace vida en Argentina. <\/p>\n\n\n\n<p>\u00abEstoy super feliz tambi\u00e9n porque he recibido much\u00edsimo apoyo de amigos escritores, de muchos venezolanos. <strong>Es una experiencia muy linda y gratificante<\/strong>. Estoy ayudando a ir a la feria a escritoras autopublicadas que jam\u00e1s pensaron llegar\u00edan. Y todas estamos cumpliendo nuestros sue\u00f1os\u00bb, coment\u00f3 la joven emprendedora, quien mostrar\u00e1 su serie de libros de fantas\u00eda. <\/p>\n\n\n\n<p>Entre las venezolanas que estar\u00e1n presentes en el stand 325, pabell\u00f3n azul, se encuentran:<\/p>\n\n\n\n<p><strong>Josimar Cordero<\/strong> &#8211; Libro: <a href=\"https:\/\/esreviral.com\/2022\/03\/23\/venezolana-en-argentina-creo-un-libro-para-ensenar-a-leer-a-los-ninos\/\">Periquito Aprendiendo a leer.<\/a> (Educaci\u00f3n inicial)<\/p>\n\n\n\n<p><strong>Osjanny Montero<\/strong> &#8211; Diarios Mandarina (Relatos de viajes)<br><strong>Hace firma de libros el mi\u00e9rcoles 5 de mayo 17.15 HS<\/strong><\/p>\n\n\n\n<p><strong><a href=\"https:\/\/esreviral.com\/2021\/10\/08\/venezolana-se-destaca-en-argentina-por-una-serie-de-libros-de-ficcion-que-se-han-vuelto-re-virales\/\">Stephany Hern\u00e1ndez:<\/a><\/strong><\/p>\n\n\n\n<ul class=\"wp-block-list\"><li>\u00c1ngeles de la oscuridad: \u00c1ngeles (FANTAS\u00cdA)<\/li><li>\u00c1ngeles de la oscuridad: La ca\u00edda del \u00e1ngel (FANTAS\u00cdA)<\/li><li>El recuerdo que m\u00e1s duele (POES\u00cdA)<\/li><li>Sucesos extra\u00f1os de \u00c1rgentina (FANTASIA\/LEYENDAS URBANAS)<br>Firma de libros lunes 2 de mayo 19.15hs<\/li><\/ul>\n\n\n\n<p><strong>Julianny Toledo:<\/strong><\/p>\n\n\n\n<ul class=\"wp-block-list\"><li>Mi vida sin ti (romance)<\/li><li>Querida Helen (Romance)<\/li><li>Divisi\u00f3n (fantas\u00eda)<\/li><li>Divisi\u00f3n: el fin de los reinos (fantas\u00eda)<\/li><\/ul>\n\n\n\n<p><strong><span style=\"background-color:#9a1b22\" class=\"td_text_highlight_marker\">C\u00f3mo ser\u00e1<\/span><\/strong><\/p>\n\n\n\n<p>La inauguraci\u00f3n ser\u00e1 el 28 de abril a las 18 y el encargado de dar el discurso de apertura ser\u00e1 el escritor&nbsp;<strong>Guillermo Saccomanno<\/strong>.<\/p>\n\n\n\n<p>Se espera que para el s\u00e1bado 30 de abril, por celebrarse la&nbsp;Noche de la Feria, el horario ser\u00e1 de 13:00 a 24:00.<\/p>\n\n\n\n<p><strong>La&nbsp;entrada ser\u00e1 gratuita todos los d\u00edas<\/strong> para menores de hasta 12 a\u00f1os de edad, visitas escolares y personas con discapacidad. <\/p>\n\n\n\n<p>Adem\u00e1s ser\u00e1&nbsp;gratuita de lunes a viernes para estudiantes, jubilados y pensionados. En todos los casos es necesario presentar comprobante que acredite condici\u00f3n.<\/p>\n\n\n\n<p>El valor de la entrada ser\u00e1: lunes a jueves $ 300; viernes y s\u00e1bados y domingos $ 450. Las entradas podr\u00e1n adquirirse online por la p\u00e1gina oficial de la feria o a partir del 28 de abril en las boleter\u00edas.<\/p>\n\n\n\n<figure class=\"wp-block-embed is-type-rich is-provider-twitter wp-block-embed-twitter\"><div class=\"wp-block-embed__wrapper\">\n<blockquote class=\"twitter-tweet\" data-width=\"500\" data-dnt=\"true\"><p lang=\"es\" dir=\"ltr\">\u00a1Ya se encuentra habilitada la inscripci\u00f3n a los Cursos <a href=\"https:\/\/twitter.com\/hashtag\/gratuitos?src=hash&amp;ref_src=twsrc%5Etfw\">#gratuitos<\/a> de la <a href=\"https:\/\/twitter.com\/hashtag\/FILBuenosAires?src=hash&amp;ref_src=twsrc%5Etfw\">#FILBuenosAires<\/a>! <br><br>Est\u00e1n a cargo de reconocidos especialistas y abordar\u00e1n tem\u00e1ticas relacionadas con la <a href=\"https:\/\/twitter.com\/hashtag\/literatura?src=hash&amp;ref_src=twsrc%5Etfw\">#literatura<\/a>, la <a href=\"https:\/\/twitter.com\/hashtag\/historia?src=hash&amp;ref_src=twsrc%5Etfw\">#historia<\/a> y el <a href=\"https:\/\/twitter.com\/hashtag\/arte?src=hash&amp;ref_src=twsrc%5Etfw\">#arte<\/a>. <br><br>Info e inscripci\u00f3n, ac\u00e1:  <a href=\"https:\/\/t.co\/ZVvVMM6fjM\">https:\/\/t.co\/ZVvVMM6fjM<\/a> <a href=\"https:\/\/t.co\/vY6bhMTFlU\">pic.twitter.com\/vY6bhMTFlU<\/a><\/p>&mdash; Feria del Libro (@ferialibro) <a href=\"https:\/\/twitter.com\/ferialibro\/status\/1516446529740890113?ref_src=twsrc%5Etfw\">April 19, 2022<\/a><\/blockquote><script async src=\"https:\/\/platform.twitter.com\/widgets.js\" charset=\"utf-8\"><\/script>\n<\/div><\/figure>\n","protected":false},"excerpt":{"rendered":"<p>CIS.- Del 28 de abril al 16 de mayo de 2022 se dar\u00e1n cita en el predio de La Rural de la Ciudad de Buenos Aires, los mejores autores del mundo de hablahispana en la Feria Internacional del Libro, que luego de dos a\u00f1os de ausencia por la pandemia, regresa. Y como no era de [&hellip;]<\/p>\n","protected":false},"author":2,"featured_media":16653,"comment_status":"open","ping_status":"open","sticky":false,"template":"","format":"standard","meta":{"jnews-multi-image_gallery":[],"jnews_single_post":[],"jnews_primary_category":[],"jnews_social_meta":[],"jnews_review":[],"enable_review":"","type":"","name":"","summary":"","brand":"","sku":"","good":[],"bad":[],"score_override":"","override_value":"","rating":[],"price":[],"jnews_override_counter":[],"jnews_post_split":[],"footnotes":""},"categories":[50,54],"tags":[1802,1803,67],"class_list":["post-16652","post","type-post","status-publish","format-standard","has-post-thumbnail","hentry","category-entretenimiento","category-inmigracion","tag-feria-del-libro","tag-stephany-hernandez","tag-venezolanos-en-argentina"],"amp_enabled":true,"_links":{"self":[{"href":"https:\/\/esreviral.com\/index.php?rest_route=\/wp\/v2\/posts\/16652"}],"collection":[{"href":"https:\/\/esreviral.com\/index.php?rest_route=\/wp\/v2\/posts"}],"about":[{"href":"https:\/\/esreviral.com\/index.php?rest_route=\/wp\/v2\/types\/post"}],"author":[{"embeddable":true,"href":"https:\/\/esreviral.com\/index.php?rest_route=\/wp\/v2\/users\/2"}],"replies":[{"embeddable":true,"href":"https:\/\/esreviral.com\/index.php?rest_route=%2Fwp%2Fv2%2Fcomments&post=16652"}],"version-history":[{"count":0,"href":"https:\/\/esreviral.com\/index.php?rest_route=\/wp\/v2\/posts\/16652\/revisions"}],"wp:featuredmedia":[{"embeddable":true,"href":"https:\/\/esreviral.com\/index.php?rest_route=\/"}],"wp:attachment":[{"href":"https:\/\/esreviral.com\/index.php?rest_route=%2Fwp%2Fv2%2Fmedia&parent=16652"}],"wp:term":[{"taxonomy":"category","embeddable":true,"href":"https:\/\/esreviral.com\/index.php?rest_route=%2Fwp%2Fv2%2Fcategories&post=16652"},{"taxonomy":"post_tag","embeddable":true,"href":"https:\/\/esreviral.com\/index.php?rest_route=%2Fwp%2Fv2%2Ftags&post=16652"}],"curies":[{"name":"wp","href":"https:\/\/api.w.org\/{rel}","templated":true}]}}