{"id":16619,"date":"2022-04-19T11:15:13","date_gmt":"2022-04-19T14:15:13","guid":{"rendered":"https:\/\/esreviral.com\/?p=16619"},"modified":"2022-04-19T11:15:13","modified_gmt":"2022-04-19T14:15:13","slug":"gobierno-de-la-ciudad-reacuso-a-un-juez-por-un-fallo-funcional-a-la-politica-y-al-kirchnerismo","status":"publish","type":"post","link":"https:\/\/esreviral.com\/?p=16619","title":{"rendered":"Gobierno de la Ciudad reacus\u00f3 a un juez por \u201cun fallo funcional a la pol\u00edtica y al kirchnerismo\u201d"},"content":{"rendered":"\n<p>El jefe de Gabinete de la Ciudad, Felipe Miguel; el ministro de Justicia y Seguridad, Marcelo D\u2019Alessandro, y el ministro de Gobierno, Jorge Macri, comunicaron hoy que el gobierno de la Ciudad de Buenos Aires recus\u00f3 al juez Roberto Gallardo por haber dictado \u201cun fallo funcional a la pol\u00edtica y al kirchnerismo\u201d para suspender el sistema de reconocimiento facial.\u00a0<\/p>\n\n\n\n<p>Miguel explic\u00f3 que \u201ctenemos un plan integral que tiene que ver con la capacitaci\u00f3n de la polic\u00eda, la incorporaci\u00f3n de equipamiento, el uso de la tecnolog\u00eda, el uso correcto de las estad\u00edsticas. Gracias al uso de todas esas herramientas es que hoy en la Ciudad de Buenos Aires tenemos las tasas de delito m\u00e1s bajas en los \u00faltimos 27 a\u00f1os\u201d.<\/p>\n\n\n\n<p><br>\u201cNo vamos a escatimar en el uso de ninguna herramienta para favorecer la seguridad en la Ciudad de Buenos Aires\u201d, asegur\u00f3 Miguel, y agreg\u00f3: \u201cVamos a seguir insistiendo con las taser, que hace m\u00e1s de un a\u00f1o las compramos pero una nueva traba por parte del Gobierno nacional nos est\u00e1 impidiendo incorporarlas y utilizarlas como herramientas v\u00e1lidas para la Polic\u00eda de la Ciudad\u201d.\u00a0<\/p>\n\n\n\n<p>Seg\u00fan indic\u00f3 el funcionario, el sistema de reconocimiento facial permiti\u00f3 \u201cidentificar y poner a disposici\u00f3n de la Justicia a 1.695 delincuentes\u201d que \u201cestaban pr\u00f3fugos, ten\u00edan un pedido de captura, la Justicia quer\u00eda que estuvieran detenidos\u201d.\u00a0Por eso, anunci\u00f3 que \u201cvamos a acudir a la Justicia hasta lograr que restablezca el sistema de reconocimiento facial, que es tan importante para la seguridad de 3 millones de porte\u00f1os y de millones de argentinos que vienen todos los d\u00edas a la Ciudad\u201d.<\/p>\n\n\n\n<p><br>Adem\u00e1s, se\u00f1al\u00f3 que \u201ca partir de ayer presentamos la recusaci\u00f3n del juez Gallardo para apartarlo de la causa por su flagrante parcialidad y haber dictado un fallo funcional a la pol\u00edtica y al kirchnerismo\u201d.\u00a0<\/p>\n\n\n\n<p>Por su parte, D\u2019Alessandro dijo que \u201cno es la primera vez que nos enfrentamos a un ataque a este sistema integral de seguridad\u201d, y record\u00f3 que \u201clo hicieron a trav\u00e9s de la coparticipaci\u00f3n, lo hicieron impidi\u00e9ndonos que los presos de la Ciudad vayan al servicio penitenciario federal; lo hicieron no entreg\u00e1ndonos motos que hab\u00edamos comprado; lo hicieron prohibi\u00e9ndonos que compr\u00e1ramos las pistolas taser\u201d.\u00a0Asimismo, afirm\u00f3 que \u201ctodas las fuerzas de seguridad de este pa\u00eds hacen consulta de validaci\u00f3n de identidad con el Renaper.<\/p>\n\n\n\n<p> Las fuerzas federales, como la Polic\u00eda Federal Argentina, tienen reconocimiento facial; la PSA tiene reconocimiento facial. Sin embargo, atacan la herramienta tecnol\u00f3gica que tiene la Polic\u00eda de la Ciudad\u201d.\u00a0\u201cTodos los que estamos ac\u00e1 hicimos alg\u00fan tr\u00e1mite en la Ciudad. El sistema de Tribuna Segura cuando se va a la cancha, certificar un domicilio, pedir fe de vida, una denuncia, todo eso valida identidad, por eso son las consultas, que las hacen todas las fuerzas de seguridad\u201d, explic\u00f3 el ministro.<\/p>\n\n\n\n<p>\u00a0\u201cHoy estamos frente a un fallo pol\u00edtico, no un fallo judicial, que pretende una vez m\u00e1s, atacar un sistema integral de seguridad que viene dando resultado en la Ciudad de Buenos Aires\u201d, agreg\u00f3.\u00a0En tanto, Macri plante\u00f3 que \u201clo que estamos discutiendo ac\u00e1 es la l\u00f3gica del kirchnerismo constante de querer emparejar para abajo. <\/p>\n\n\n\n<p>Cuando hay un sistema que funciona lo atacan para que no se note que ellos no tienen gesti\u00f3n\u201d.\u00a0\u201cEn lugar de copiar ese sistema, el kirchnerismo lo ataca para que deje de funcionar, en una clara intencionalidad de quitarle autonom\u00eda y seguridad a esta ciudad\u201d, a\u00f1adi\u00f3.\u00a0\u201cEn esto se nota una clara diferencia. <\/p>\n\n\n\n<p>El kirchnerismo, desde que lleg\u00f3 al Gobierno busc\u00f3 todas las excusas posibles para liberar presos, hasta en la pandemia. Nosotros, en ese mismo per\u00edodo, implementamos un sistema exitoso que nos permiti\u00f3 detener m\u00e1s de 1.600 delincuentes como narcotraficantes, asesinos y violadores\u201d, concluy\u00f3 el ministro de Gobierno.<\/p>\n\n\n\n<p><br>El Sistema de Reconocimiento Facial de Pr\u00f3fugos est\u00e1 destinado a la detecci\u00f3n, verificaci\u00f3n, identificaci\u00f3n y detenci\u00f3n de personas sobre las cuales exista una orden de captura por parte de la Justicia. Fue aprobado por la Ley 6339 de la Legislatura del a\u00f1o 2020, y en dicha ley se establece, entre otras medidas, una auditor\u00eda de la Defensor\u00eda del Pueblo sobre su uso.\u00a0<\/p>\n\n\n\n<p>Funciona s\u00f3lo nutri\u00e9ndose de una base de datos que es p\u00fablica que identifica \u00fanicamente a las personas sobre las que pesa un pedido de captura emitido por la Justicia. El Sistema opera en forma rotativa sobre 300 de las m\u00e1s de 10.000 c\u00e1maras dispuestas en todo el territorio porte\u00f1o en la v\u00eda p\u00fablica, en subtes, etc.La base donde se consulta si las personas tienen pedido de captura es del CONARC (Consulta Nacional de Rebeld\u00edas y Capturas), una fuente de informaci\u00f3n p\u00fablica dependiente del Ministerio de Justicia y Derechos Humanos de la Naci\u00f3n.\u00a0Los datos biom\u00e9tricos de las personas captadas por el Sistema de Reconocimiento Facial de Pr\u00f3fugos \u00fanicamente se graban ante aquellas alertas que son positivas. Los datos personales son destruidos una vez cumplida la orden judicial de restricci\u00f3n de la libertad, o que la misma haya cesado.<\/p>\n\n\n\n<p>En abril de 2020, el Sistema dej\u00f3 de utilizarse debido a la pandemia, ya que el uso de barbijos en la v\u00eda p\u00fablica imposibilitaba el correcto funcionamiento de la tecnolog\u00eda.\u00a0Las consultas a la base de datos del RENAPER se realizan para una infinidad de tr\u00e1mites diarios que dependen de la Ciudad \u2013todos ellos habilitados por la Justicia-, y en ning\u00fan caso para nutrir de informaci\u00f3n al Sistema de Reconocimiento Facial de Pr\u00f3fugos.\u00a0<\/p>\n\n\n\n<p>Adicionalmente, existe un convenio de Cooperaci\u00f3n T\u00e9cnica entre el RENAPER y el Ministerio de Justicia y Seguridad de la Ciudad por el cual el organismo nacional facilita s\u00f3lo las im\u00e1genes de los rostros de las personas buscadas por orden judicial.<\/p>\n","protected":false},"excerpt":{"rendered":"<p>El jefe de Gabinete de la Ciudad, Felipe Miguel; el ministro de Justicia y Seguridad, Marcelo D\u2019Alessandro, y el ministro de Gobierno, Jorge Macri, comunicaron hoy que el gobierno de la Ciudad de Buenos Aires recus\u00f3 al juez Roberto Gallardo por haber dictado \u201cun fallo funcional a la pol\u00edtica y al kirchnerismo\u201d para suspender el [&hellip;]<\/p>\n","protected":false},"author":2,"featured_media":16620,"comment_status":"open","ping_status":"open","sticky":false,"template":"","format":"standard","meta":{"jnews-multi-image_gallery":[],"jnews_single_post":[],"jnews_primary_category":[],"jnews_social_meta":[],"jnews_review":[],"enable_review":"","type":"","name":"","summary":"","brand":"","sku":"","good":[],"bad":[],"score_override":"","override_value":"","rating":[],"price":[],"jnews_override_counter":[],"jnews_post_split":[],"footnotes":""},"categories":[58],"tags":[44,1795,45],"class_list":["post-16619","post","type-post","status-publish","format-standard","has-post-thumbnail","hentry","category-argentina","tag-argentina","tag-gobierno-de-la-ciudad","tag-noticias"],"amp_enabled":true,"_links":{"self":[{"href":"https:\/\/esreviral.com\/index.php?rest_route=\/wp\/v2\/posts\/16619"}],"collection":[{"href":"https:\/\/esreviral.com\/index.php?rest_route=\/wp\/v2\/posts"}],"about":[{"href":"https:\/\/esreviral.com\/index.php?rest_route=\/wp\/v2\/types\/post"}],"author":[{"embeddable":true,"href":"https:\/\/esreviral.com\/index.php?rest_route=\/wp\/v2\/users\/2"}],"replies":[{"embeddable":true,"href":"https:\/\/esreviral.com\/index.php?rest_route=%2Fwp%2Fv2%2Fcomments&post=16619"}],"version-history":[{"count":0,"href":"https:\/\/esreviral.com\/index.php?rest_route=\/wp\/v2\/posts\/16619\/revisions"}],"wp:featuredmedia":[{"embeddable":true,"href":"https:\/\/esreviral.com\/index.php?rest_route=\/"}],"wp:attachment":[{"href":"https:\/\/esreviral.com\/index.php?rest_route=%2Fwp%2Fv2%2Fmedia&parent=16619"}],"wp:term":[{"taxonomy":"category","embeddable":true,"href":"https:\/\/esreviral.com\/index.php?rest_route=%2Fwp%2Fv2%2Fcategories&post=16619"},{"taxonomy":"post_tag","embeddable":true,"href":"https:\/\/esreviral.com\/index.php?rest_route=%2Fwp%2Fv2%2Ftags&post=16619"}],"curies":[{"name":"wp","href":"https:\/\/api.w.org\/{rel}","templated":true}]}}