{"id":16450,"date":"2022-04-12T18:18:36","date_gmt":"2022-04-12T21:18:36","guid":{"rendered":"https:\/\/esreviral.com\/?p=16450"},"modified":"2022-04-12T18:18:36","modified_gmt":"2022-04-12T21:18:36","slug":"violacion-grupal-en-palermo-la-camara-confirmo-la-prision-preventiva-de-los-seis-imputados","status":"publish","type":"post","link":"https:\/\/esreviral.com\/?p=16450","title":{"rendered":"Confirmaron prisi\u00f3n preventiva de los seis imputados"},"content":{"rendered":"\n<p class=\"has-drop-cap\"><strong>La C\u00e1mara Nacional en lo Criminal y Correccional confirm\u00f3 este martes el procesamiento y la prisi\u00f3n preventiva para los seis imputados por la violaci\u00f3n grupal&nbsp;<\/strong>ocurrida en el barrio porte\u00f1o de Palermo.<\/p>\n\n\n\n<p>Seg\u00fan la agencia de noticias&nbsp;<em>T\u00e9lam<\/em>, el fallo es de la Sala VII, que rechaz\u00f3 las apelaciones formuladas por las defensas de tres de los acusados -los otros tres no lo hicieron-, y de esta menara dej\u00f3 a todos detenidos como presuntos coautores por el delito de&nbsp;<strong>abuso sexual con acceso carnal, agravado por la intervenci\u00f3n de dos o m\u00e1s personas<\/strong>, que prev\u00e9 de 8 a 20 a\u00f1os de c\u00e1rcel, contra una joven de 20 a\u00f1os.<\/p>\n\n\n\n<p>Lea tambi\u00e9n: <a href=\"https:\/\/esreviral.com\/2022\/03\/28\/los-detenidos-por-la-violacion-grupal-en-palermo-fueron-trasladados-a-carceles-comunes\/\">LOS DETENIDOS POR LA VIOLACI\u00d3N GRUPAL EN PALERMO FUERON TRASLADADOS A C\u00c1RCELES COMUNES<\/a><\/p>\n\n\n\n<blockquote class=\"wp-block-quote td_quote_box td_box_center is-layout-flow wp-block-quote-is-layout-flow\"><p>As\u00ed, tanto los tres imputados que apelaron,<a rel=\"noreferrer noopener\" href=\"https:\/\/www.infobae.com\/sociedad\/policiales\/2022\/03\/08\/violacion-en-palermo-quien-es-thomas-dominguez-el-detenido-que-pidio-la-excarcelacion-y-se-la-rechazaron\/\" target=\"_blank\"><strong>Thomas Fabi\u00e1n Dom\u00ednguez&nbsp;<\/strong><\/a><strong>(21)<\/strong>,&nbsp;<a rel=\"noreferrer noopener\" href=\"https:\/\/www.infobae.com\/sociedad\/policiales\/2022\/03\/08\/violacion-en-palermo-quien-es-thomas-dominguez-el-detenido-que-pidio-la-excarcelacion-y-se-la-rechazaron\/\" target=\"_blank\"><strong>Franco Jes\u00fas Lykan<\/strong><\/a><strong>&nbsp;(23)<\/strong>&nbsp;y<a rel=\"noreferrer noopener\" href=\"https:\/\/www.infobae.com\/sociedad\/policiales\/2022\/03\/02\/quien-es-ignacio-retondo-el-acusado-de-la-violacion-de-palermo-que-decia-ser-feminista\/\" target=\"_blank\"><strong>Ignacio Retondo<\/strong><\/a><strong>&nbsp;(22)<\/strong>, como los otros tres que no lo hicieron,&nbsp;<a rel=\"noreferrer noopener\" href=\"https:\/\/www.infobae.com\/sociedad\/policiales\/2022\/03\/01\/la-vida-de-angel-pascual-el-mas-complicado-de-los-acusados-por-la-violacion-grupal-en-palermo\/\" target=\"_blank\"><strong>\u00c1ngel Pascual Ramos<\/strong><\/a>&nbsp;(23),&nbsp;<a rel=\"noreferrer noopener\" href=\"https:\/\/www.infobae.com\/sociedad\/policiales\/2022\/03\/09\/violacion-en-palermo-lautaro-ciongo-pasotti-el-mayor-de-los-detenidos-y-a-punto-de-ser-echado-de-la-facultad\/\" target=\"_blank\"><strong>Lautaro Dante Ciongo Pasotti&nbsp;<\/strong><\/a><strong>(24)&nbsp;<\/strong>y&nbsp;<a rel=\"noreferrer noopener\" href=\"https:\/\/www.infobae.com\/sociedad\/policiales\/2022\/03\/11\/violacion-grupal-en-palermo-alexis-cuzzoni-el-mas-joven-de-los-detenidos-que-fue-senalado-por-una-testigo\/\" target=\"_blank\"><strong>Steven Alexis Cuzzoni&nbsp;<\/strong><\/a><strong>(19)<\/strong>, permanecer\u00e1n detenidos y quedaron al borde de que el fiscal de la causa,&nbsp;<strong>Eduardo Rosende<\/strong>, solicit\u00e9 para ellos el juicio oral.<\/p><\/blockquote>\n\n\n\n<p>Con este fallo -al que tuvo acceso&nbsp;<em>T\u00e9lam<\/em>-, los camaristas confirmaron el auto de procesamiento que el 15 de marzo pasado hab\u00eda dictado el juez en lo Criminal y Correccional N\u00ba21,&nbsp;<strong>Marcos Fern\u00e1ndez<\/strong>, para los seis imputados por ese delito sexual y, en el caso de Retondo y Dom\u00ednguez, suman adem\u00e1s una imputaci\u00f3n por las \u201clesiones leves\u201d que le provocaron a un testigo.<\/p>\n\n\n\n<p>Captura de una de las filmaciones de las c\u00e1maras de seguridad de la zona momentos previos al ataque<\/p>\n\n\n\n<p>\u201c<strong>Los elementos rese\u00f1ados permiten confirmar que \u2026 (se preserva la identidad de la v\u00edctima) presentaba un evidente estado de vulnerabilidad que no pod\u00eda pasar desapercibido a todos los imputados\u201d,&nbsp;<\/strong>se\u00f1alan los camaristas Mariano Scotto y Juan Esteban Cicciaro.<\/p>\n","protected":false},"excerpt":{"rendered":"<p>La C\u00e1mara Nacional en lo Criminal y Correccional confirm\u00f3 este martes el procesamiento y la prisi\u00f3n preventiva para los seis imputados por la violaci\u00f3n grupal&nbsp;ocurrida en el barrio porte\u00f1o de Palermo. Seg\u00fan la agencia de noticias&nbsp;T\u00e9lam, el fallo es de la Sala VII, que rechaz\u00f3 las apelaciones formuladas por las defensas de tres de los [&hellip;]<\/p>\n","protected":false},"author":2,"featured_media":15388,"comment_status":"open","ping_status":"open","sticky":false,"template":"","format":"standard","meta":{"jnews-multi-image_gallery":[],"jnews_single_post":[],"jnews_primary_category":[],"jnews_social_meta":[],"jnews_review":[],"enable_review":"","type":"","name":"","summary":"","brand":"","sku":"","good":[],"bad":[],"score_override":"","override_value":"","rating":[],"price":[],"jnews_override_counter":[],"jnews_post_split":[],"footnotes":""},"categories":[64],"tags":[44,45,784],"class_list":["post-16450","post","type-post","status-publish","format-standard","has-post-thumbnail","hentry","category-sucesos","tag-argentina","tag-noticias","tag-palermo"],"amp_enabled":true,"_links":{"self":[{"href":"https:\/\/esreviral.com\/index.php?rest_route=\/wp\/v2\/posts\/16450"}],"collection":[{"href":"https:\/\/esreviral.com\/index.php?rest_route=\/wp\/v2\/posts"}],"about":[{"href":"https:\/\/esreviral.com\/index.php?rest_route=\/wp\/v2\/types\/post"}],"author":[{"embeddable":true,"href":"https:\/\/esreviral.com\/index.php?rest_route=\/wp\/v2\/users\/2"}],"replies":[{"embeddable":true,"href":"https:\/\/esreviral.com\/index.php?rest_route=%2Fwp%2Fv2%2Fcomments&post=16450"}],"version-history":[{"count":0,"href":"https:\/\/esreviral.com\/index.php?rest_route=\/wp\/v2\/posts\/16450\/revisions"}],"wp:featuredmedia":[{"embeddable":true,"href":"https:\/\/esreviral.com\/index.php?rest_route=\/"}],"wp:attachment":[{"href":"https:\/\/esreviral.com\/index.php?rest_route=%2Fwp%2Fv2%2Fmedia&parent=16450"}],"wp:term":[{"taxonomy":"category","embeddable":true,"href":"https:\/\/esreviral.com\/index.php?rest_route=%2Fwp%2Fv2%2Fcategories&post=16450"},{"taxonomy":"post_tag","embeddable":true,"href":"https:\/\/esreviral.com\/index.php?rest_route=%2Fwp%2Fv2%2Ftags&post=16450"}],"curies":[{"name":"wp","href":"https:\/\/api.w.org\/{rel}","templated":true}]}}