{"id":16441,"date":"2022-04-12T11:08:12","date_gmt":"2022-04-12T14:08:12","guid":{"rendered":"https:\/\/esreviral.com\/?p=16441"},"modified":"2022-04-12T11:08:12","modified_gmt":"2022-04-12T14:08:12","slug":"fiscalia-solicita-la-libertad-plena-del-ferrominero-rodney-alvarez","status":"publish","type":"post","link":"https:\/\/esreviral.com\/?p=16441","title":{"rendered":"Fiscal\u00eda solicita la libertad plena del ferrominero Rodney \u00c1lvarez"},"content":{"rendered":"\n<p>El fiscal general de Nicol\u00e1s Maduro, Tarek William Saab, inform\u00f3 el lunes que el Ministerio P\u00fablico solicit\u00f3 ante un tribunal la libertad\u00a0<a rel=\"noreferrer noopener\" href=\"https:\/\/www.elnacional.com\/venezuela\/la-justicia-venezolana-desconoce-recomendaciones-de-la-oit-y-sentencia-a-15-anos-de-prision-al-ferrominero-rodney-alvarez\/\" target=\"_blank\">plena<\/a>\u00a0de Rodney \u00c1lvarez, detenido hace 10 a\u00f1os tras ser acusado, sin pruebas, del asesinato del obrero Renny Rojas.<\/p>\n\n\n\n<p>En su cuenta de&nbsp;<a href=\"https:\/\/twitter.com\/TarekWiliamSaab\" target=\"_blank\" rel=\"noreferrer noopener\">Twitter<\/a>&nbsp;Saab public\u00f3 la solicitud dirigida a la jueza und\u00e9cima de primera instancia en funciones del Circuito Judicial Penal del \u00c1rea Metropolitana de Caracas.<\/p>\n\n\n\n<p>All\u00ed, el fiscal titular noveno nacional pleno, Regino Antonio Cova Rojas, pide que se \u201cestime la posibilidad de acordar una revisi\u00f3n de la medida de privaci\u00f3n judicial preventiva de libertad que pesa sobre el imputado\u201d y que se \u201cacuerde una medida de libertad plena sin restricciones\u201d.<\/p>\n\n\n\n<p>Cova Rojas explica en el documento que se debe tomar en cuenta que Rodney \u00c1lvarez \u201cha demostrado la intenci\u00f3n de colaborar con el proceso, manteniendo una conducta ejemplar, as\u00ed como ha cumplido \u2014desde su detenci\u00f3n hasta ahora\u2014 el 83% de la pena m\u00ednima a imponer\u201d.<\/p>\n\n\n\n<p>El ferrominero fue detenido hace 10 a\u00f1os acusado del asesinato de Renny Rojas, ocurrido el 9 de junio de 2011, durante una asamblea de trabajadores en los portones de la Ferrominera Orinoco.<\/p>\n\n\n\n<p>Empleados en la asamblea culparon en ese momento del homicidio a H\u00e9ctor Maic\u00e1n, representante de la Federaci\u00f3n Bolivariana de Trabajadores y amigo del exgobernador de Bol\u00edvar Francisco Rangel G\u00f3mez.<\/p>\n\n\n\n<p>En 2019 el caso del \u00c1lvarez lleg\u00f3 a instancias internacionales: la Comisi\u00f3n de Encuestas, la instancia m\u00e1s importante de la Organizaci\u00f3n Internacional del Trabajo, solicit\u00f3 la liberaci\u00f3n inmediata de Rodney, petici\u00f3n que ha sido ignorada por el r\u00e9gimen de Nicol\u00e1s Maduro.<\/p>\n\n\n\n<p class=\"has-text-align-right\"><strong><em>El Nacional.-<\/em><\/strong><\/p>\n","protected":false},"excerpt":{"rendered":"<p>El fiscal general de Nicol\u00e1s Maduro, Tarek William Saab, inform\u00f3 el lunes que el Ministerio P\u00fablico solicit\u00f3 ante un tribunal la libertad\u00a0plena\u00a0de Rodney \u00c1lvarez, detenido hace 10 a\u00f1os tras ser acusado, sin pruebas, del asesinato del obrero Renny Rojas. En su cuenta de&nbsp;Twitter&nbsp;Saab public\u00f3 la solicitud dirigida a la jueza und\u00e9cima de primera instancia en [&hellip;]<\/p>\n","protected":false},"author":2,"featured_media":16442,"comment_status":"open","ping_status":"open","sticky":false,"template":"","format":"standard","meta":{"jnews-multi-image_gallery":[],"jnews_single_post":[],"jnews_primary_category":[],"jnews_social_meta":[],"jnews_review":[],"enable_review":"","type":"","name":"","summary":"","brand":"","sku":"","good":[],"bad":[],"score_override":"","override_value":"","rating":[],"price":[],"jnews_override_counter":[],"jnews_post_split":[],"footnotes":""},"categories":[64,66],"tags":[45,56],"class_list":["post-16441","post","type-post","status-publish","format-standard","has-post-thumbnail","hentry","category-sucesos","category-venezuela","tag-noticias","tag-venezuela"],"_links":{"self":[{"href":"https:\/\/esreviral.com\/index.php?rest_route=\/wp\/v2\/posts\/16441","targetHints":{"allow":["GET"]}}],"collection":[{"href":"https:\/\/esreviral.com\/index.php?rest_route=\/wp\/v2\/posts"}],"about":[{"href":"https:\/\/esreviral.com\/index.php?rest_route=\/wp\/v2\/types\/post"}],"author":[{"embeddable":true,"href":"https:\/\/esreviral.com\/index.php?rest_route=\/wp\/v2\/users\/2"}],"replies":[{"embeddable":true,"href":"https:\/\/esreviral.com\/index.php?rest_route=%2Fwp%2Fv2%2Fcomments&post=16441"}],"version-history":[{"count":0,"href":"https:\/\/esreviral.com\/index.php?rest_route=\/wp\/v2\/posts\/16441\/revisions"}],"wp:featuredmedia":[{"embeddable":true,"href":"https:\/\/esreviral.com\/index.php?rest_route=\/"}],"wp:attachment":[{"href":"https:\/\/esreviral.com\/index.php?rest_route=%2Fwp%2Fv2%2Fmedia&parent=16441"}],"wp:term":[{"taxonomy":"category","embeddable":true,"href":"https:\/\/esreviral.com\/index.php?rest_route=%2Fwp%2Fv2%2Fcategories&post=16441"},{"taxonomy":"post_tag","embeddable":true,"href":"https:\/\/esreviral.com\/index.php?rest_route=%2Fwp%2Fv2%2Ftags&post=16441"}],"curies":[{"name":"wp","href":"https:\/\/api.w.org\/{rel}","templated":true}]}}