{"id":16372,"date":"2022-04-09T16:55:44","date_gmt":"2022-04-09T19:55:44","guid":{"rendered":"https:\/\/esreviral.com\/?p=16372"},"modified":"2022-04-09T16:55:44","modified_gmt":"2022-04-09T19:55:44","slug":"crecio-la-tribu-las-fotos-del-nacimiento-de-indigo-la-hija-de-camilo-y-evaluna","status":"publish","type":"post","link":"https:\/\/esreviral.com\/?p=16372","title":{"rendered":"Creci\u00f3 la Tribu: Las fotos del nacimiento de \u00cdndigo, la hija de Camilo y Evaluna"},"content":{"rendered":"\n<p><strong><em>CIS.- <\/em><\/strong>Creci\u00f3 La Tribu: \u00cdndigo naci\u00f3 y es una ni\u00f1a \u201cfeliz y curiosa\u201d, as\u00ed la describi\u00f3 su pap\u00e1,\u00a0<a href=\"https:\/\/www.instagram.com\/camilo\/\">Camilo<\/a>\u00a0quien confirm\u00f3 el nacimiento de la beb\u00e9 e inform\u00f3 que\u00a0<a href=\"https:\/\/www.instagram.com\/evaluna\/\">Evaluna<\/a>\u00a0est\u00e1 bien, sana, \u201ces una mujer muy fuerte\u201d, coment\u00f3 el cantante colombiano.<\/p>\n\n\n\n<p>Tambi\u00e9n explic\u00f3 que el parto fue en su casa en Miami, donde reside la pareja.<\/p>\n\n\n\n<p>Adem\u00e1s, Camilo mostr\u00f3 un video de c\u00f3mo le cant\u00f3 por primera vez la canci\u00f3n que le escribi\u00f3 a su hija. Tambi\u00e9n public\u00f3 unas fotos de Evaluna, al parecer, en el trabajo de parto el cual pudo haber sido bajo el agua porque en una de las gr\u00e1ficas, est\u00e1 con gotas de agua.<\/p>\n\n\n\n<p>De esta manera se acaban los rumores acerca del nacimiento de\u00a0<a href=\"https:\/\/www.instagram.com\/explore\/tags\/indigo\/\">#Indigo<\/a> <\/p>\n\n\n\n<p>Por su parte, Ricardo Montaner escribi\u00f3 en Twitter que estaba emocionado y que pod\u00edan felicitar al abuelo de la ni\u00f1a. \u00abEs hermosa\u00bb, afirm\u00f3.<\/p>\n\n\n\n<figure class=\"wp-block-embed is-type-rich is-provider-twitter wp-block-embed-twitter\"><div class=\"wp-block-embed__wrapper\">\n<blockquote class=\"twitter-tweet\" data-width=\"500\" data-dnt=\"true\"><p lang=\"es\" dir=\"ltr\"><a href=\"https:\/\/twitter.com\/hashtag\/9abr?src=hash&amp;ref_src=twsrc%5Etfw\">#9abr<\/a> Creci\u00f3 La Tribu: naci\u00f3 \u00cdndigo, la hija de <a href=\"https:\/\/twitter.com\/CamiloMusica?ref_src=twsrc%5Etfw\">@CamiloMusica<\/a> y <a href=\"https:\/\/twitter.com\/Montanerevaluna?ref_src=twsrc%5Etfw\">@Montanerevaluna<\/a> quienes mostraron el video de la primera vez que el pap\u00e1 le cant\u00f3 la canci\u00f3n que le escribi\u00f3 <a href=\"https:\/\/t.co\/farktRrvN3\">pic.twitter.com\/farktRrvN3<\/a><\/p>&mdash; ES RE VIRAL (@esreviral) <a href=\"https:\/\/twitter.com\/esreviral\/status\/1512876083015786505?ref_src=twsrc%5Etfw\">April 9, 2022<\/a><\/blockquote><script async src=\"https:\/\/platform.twitter.com\/widgets.js\" charset=\"utf-8\"><\/script>\n<\/div><\/figure>\n\n\n\n<figure class=\"wp-block-image size-large\"><img decoding=\"async\" src=\"https:\/\/esreviral.com\/wp-content\/uploads\/2022\/04\/IMG_9690-825x1024.jpg\" alt=\"\" class=\"wp-image-16373\"\/><figcaption>Por la foto, pareciera que el parto fue bajo el agua. Se confirm\u00f3 que la ni\u00f1a naci\u00f3 en su propia casa<\/figcaption><\/figure>\n\n\n\n<figure class=\"wp-block-image size-large\"><img decoding=\"async\" src=\"https:\/\/esreviral.com\/wp-content\/uploads\/2022\/04\/IMG_9691-829x1024.jpg\" alt=\"\" class=\"wp-image-16374\"\/><figcaption>Llanto de alegr\u00eda por el nacimiento de su primogenita<\/figcaption><\/figure>\n\n\n\n<figure class=\"wp-block-embed is-type-rich is-provider-twitter wp-block-embed-twitter\"><div class=\"wp-block-embed__wrapper\">\n<blockquote class=\"twitter-tweet\" data-width=\"500\" data-dnt=\"true\"><p lang=\"es\" dir=\"ltr\">Ya pueden felicitar al abuelito de <a href=\"https:\/\/twitter.com\/hashtag\/Indigo?src=hash&amp;ref_src=twsrc%5Etfw\">#Indigo<\/a> \u2026<br>Es hermosa ,estamos dichosos .<br>Dios ha sido bueno otra vez.<\/p>&mdash; Ricardo Montaner (@montanertwiter) <a href=\"https:\/\/twitter.com\/montanertwiter\/status\/1512880509361217546?ref_src=twsrc%5Etfw\">April 9, 2022<\/a><\/blockquote><script async src=\"https:\/\/platform.twitter.com\/widgets.js\" charset=\"utf-8\"><\/script>\n<\/div><\/figure>\n","protected":false},"excerpt":{"rendered":"<p>CIS.- Creci\u00f3 La Tribu: \u00cdndigo naci\u00f3 y es una ni\u00f1a \u201cfeliz y curiosa\u201d, as\u00ed la describi\u00f3 su pap\u00e1,\u00a0Camilo\u00a0quien confirm\u00f3 el nacimiento de la beb\u00e9 e inform\u00f3 que\u00a0Evaluna\u00a0est\u00e1 bien, sana, \u201ces una mujer muy fuerte\u201d, coment\u00f3 el cantante colombiano. Tambi\u00e9n explic\u00f3 que el parto fue en su casa en Miami, donde reside la pareja. Adem\u00e1s, Camilo [&hellip;]<\/p>\n","protected":false},"author":2,"featured_media":16375,"comment_status":"open","ping_status":"open","sticky":false,"template":"","format":"standard","meta":{"jnews-multi-image_gallery":[],"jnews_single_post":[],"jnews_primary_category":[],"jnews_social_meta":[],"jnews_review":[],"enable_review":"","type":"","name":"","summary":"","brand":"","sku":"","good":[],"bad":[],"score_override":"","override_value":"","rating":[],"price":[],"jnews_override_counter":[],"jnews_post_split":[],"footnotes":""},"categories":[50],"tags":[44,871,1195,1758,45],"class_list":["post-16372","post","type-post","status-publish","format-standard","has-post-thumbnail","hentry","category-entretenimiento","tag-argentina","tag-camilo","tag-evaluna","tag-indigo","tag-noticias"],"_links":{"self":[{"href":"https:\/\/esreviral.com\/index.php?rest_route=\/wp\/v2\/posts\/16372","targetHints":{"allow":["GET"]}}],"collection":[{"href":"https:\/\/esreviral.com\/index.php?rest_route=\/wp\/v2\/posts"}],"about":[{"href":"https:\/\/esreviral.com\/index.php?rest_route=\/wp\/v2\/types\/post"}],"author":[{"embeddable":true,"href":"https:\/\/esreviral.com\/index.php?rest_route=\/wp\/v2\/users\/2"}],"replies":[{"embeddable":true,"href":"https:\/\/esreviral.com\/index.php?rest_route=%2Fwp%2Fv2%2Fcomments&post=16372"}],"version-history":[{"count":0,"href":"https:\/\/esreviral.com\/index.php?rest_route=\/wp\/v2\/posts\/16372\/revisions"}],"wp:featuredmedia":[{"embeddable":true,"href":"https:\/\/esreviral.com\/index.php?rest_route=\/"}],"wp:attachment":[{"href":"https:\/\/esreviral.com\/index.php?rest_route=%2Fwp%2Fv2%2Fmedia&parent=16372"}],"wp:term":[{"taxonomy":"category","embeddable":true,"href":"https:\/\/esreviral.com\/index.php?rest_route=%2Fwp%2Fv2%2Fcategories&post=16372"},{"taxonomy":"post_tag","embeddable":true,"href":"https:\/\/esreviral.com\/index.php?rest_route=%2Fwp%2Fv2%2Ftags&post=16372"}],"curies":[{"name":"wp","href":"https:\/\/api.w.org\/{rel}","templated":true}]}}