{"id":16359,"date":"2022-04-09T12:13:23","date_gmt":"2022-04-09T15:13:23","guid":{"rendered":"https:\/\/esreviral.com\/?p=16359"},"modified":"2022-04-09T12:13:23","modified_gmt":"2022-04-09T15:13:23","slug":"a-un-actor-de-la-casa-de-papel-se-le-quemo-la-casa-y-lloro-sobre-los-escombros","status":"publish","type":"post","link":"https:\/\/esreviral.com\/?p=16359","title":{"rendered":"A un actor de La Casa de Papel se le quem\u00f3 la casa y llor\u00f3 sobre los escombros"},"content":{"rendered":"\n<p><strong>Miguel Herr\u00e1n<\/strong>,&nbsp;el actor de <em><strong><a href=\"https:\/\/esreviral.com\/2021\/12\/03\/argentina-despide-asi-a-la-casa-de-papel-video\/\">La casa<\/a> <\/strong><\/em><a href=\"https:\/\/esreviral.com\/2021\/12\/03\/argentina-despide-asi-a-la-casa-de-papel-video\/\"><em><strong>de papel<\/strong><\/em>&nbsp;<\/a>vive uno de los peores momentos de su vida:&nbsp;<strong>este viernes se incendi\u00f3 su hogar<\/strong>. Angustiado por la situaci\u00f3n, public\u00f3 dos videos de su vivienda en llamas y no pudo contener las l\u00e1grimas:&nbsp;<strong>\u201c\u00a1No me lo puedo creer, mi casa!\u201d<\/strong>.<\/p>\n\n\n\n<p>A trav\u00e9s de sus historias de Instagram, el actor comparti\u00f3 con sus m\u00e1s de 14 millones de seguidores una serie de grabaciones en las que dej\u00f3 ver c\u00f3mo qued\u00f3 su casa tras el incendio. En una de las primeras historias, mostr\u00f3 el lugar en llamas y escribi\u00f3:&nbsp;<strong>\u201cBuenos d\u00edas\u201d<\/strong>. De fondo se lo escuchaba quebrado y agitado.<\/p>\n\n\n\n<p>En una segunda historia dej\u00f3 ver el estado en el que qued\u00f3 su hogar:&nbsp;<strong>el fuego consumi\u00f3 todo en la planta baja&nbsp;<\/strong>donde se encuentran el recibidor, el living y la cocina. Entre las cenizas se pudo ver, adem\u00e1s de los muebles y electrodom\u00e9sticos, varios libros y objetos de valor sentimental.<\/p>\n\n\n\n<p>Hasta el momento, el int\u00e9rprete de R\u00edo<strong>&nbsp;no revel\u00f3 cu\u00e1les fueron las causas del incendio.<\/strong><\/p>\n\n\n\n<p><strong><span style=\"background-color:#9a1b22\" class=\"td_text_highlight_marker\">La reacci\u00f3n de los fan\u00e1ticos <\/span><\/strong><\/p>\n\n\n\n<p>En redes sociales, los fan\u00e1ticos del actor se hicieron eco del mal momento que est\u00e1 atravesando despu\u00e9s de perder su casa en un incendio.<\/p>\n\n\n\n<p>\u201cPobre Miguel Herr\u00e1n, hoy se le incendi\u00f3 su casa\u201d, \u201cQu\u00e9 pena me da lo de Miguel Herr\u00e1n\u201d, \u201cSe le ha quemado la casa a Miguel Herr\u00e1n. Tiene pinta de que viene de la caldera que ha podido tener una fuga. Pobrecito\u201d, fueron algunos de los mensajes que recibi\u00f3 el artista.<\/p>\n\n\n\n<p><a href=\"https:\/\/esreviral.com\/2021\/12\/06\/netflix-contara-el-pasado-de-berlin-en-el-nuevo-spin-off-de-la-casa-de-papel\/\">NETFLIX CONTAR\u00c1 EL PASADO DE BERL\u00cdN EN EL NUEVO SPIN-OFF DE \u00abLA CASA DE PAPEL\u00bb<\/a><\/p>\n\n\n\n<p class=\"has-text-align-right\"><strong><em>TN.-<\/em><\/strong><\/p>\n\n\n\n<figure class=\"wp-block-image size-large\"><img decoding=\"async\" src=\"https:\/\/tn.com.ar\/resizer\/-kD746uBH0JHdA77sz4H0499hzU=\/1440x0\/smart\/filters:quality(60)\/cloudfront-us-east-1.images.arcpublishing.com\/artear\/NLPUINYPNJB6DJNMOCF3P7F2DQ.JPG\" alt=\"\"\/><\/figure>\n","protected":false},"excerpt":{"rendered":"<p>Miguel Herr\u00e1n,&nbsp;el actor de La casa de papel&nbsp;vive uno de los peores momentos de su vida:&nbsp;este viernes se incendi\u00f3 su hogar. Angustiado por la situaci\u00f3n, public\u00f3 dos videos de su vivienda en llamas y no pudo contener las l\u00e1grimas:&nbsp;\u201c\u00a1No me lo puedo creer, mi casa!\u201d. A trav\u00e9s de sus historias de Instagram, el actor comparti\u00f3 [&hellip;]<\/p>\n","protected":false},"author":2,"featured_media":16360,"comment_status":"open","ping_status":"open","sticky":false,"template":"","format":"standard","meta":{"jnews-multi-image_gallery":[],"jnews_single_post":[],"jnews_primary_category":[],"jnews_social_meta":[],"jnews_review":[],"enable_review":"","type":"","name":"","summary":"","brand":"","sku":"","good":[],"bad":[],"score_override":"","override_value":"","rating":[],"price":[],"jnews_override_counter":[],"jnews_post_split":[],"footnotes":""},"categories":[50],"tags":[1773],"class_list":["post-16359","post","type-post","status-publish","format-standard","has-post-thumbnail","hentry","category-entretenimiento","tag-miguel-herran"],"amp_enabled":true,"_links":{"self":[{"href":"https:\/\/esreviral.com\/index.php?rest_route=\/wp\/v2\/posts\/16359"}],"collection":[{"href":"https:\/\/esreviral.com\/index.php?rest_route=\/wp\/v2\/posts"}],"about":[{"href":"https:\/\/esreviral.com\/index.php?rest_route=\/wp\/v2\/types\/post"}],"author":[{"embeddable":true,"href":"https:\/\/esreviral.com\/index.php?rest_route=\/wp\/v2\/users\/2"}],"replies":[{"embeddable":true,"href":"https:\/\/esreviral.com\/index.php?rest_route=%2Fwp%2Fv2%2Fcomments&post=16359"}],"version-history":[{"count":0,"href":"https:\/\/esreviral.com\/index.php?rest_route=\/wp\/v2\/posts\/16359\/revisions"}],"wp:featuredmedia":[{"embeddable":true,"href":"https:\/\/esreviral.com\/index.php?rest_route=\/"}],"wp:attachment":[{"href":"https:\/\/esreviral.com\/index.php?rest_route=%2Fwp%2Fv2%2Fmedia&parent=16359"}],"wp:term":[{"taxonomy":"category","embeddable":true,"href":"https:\/\/esreviral.com\/index.php?rest_route=%2Fwp%2Fv2%2Fcategories&post=16359"},{"taxonomy":"post_tag","embeddable":true,"href":"https:\/\/esreviral.com\/index.php?rest_route=%2Fwp%2Fv2%2Ftags&post=16359"}],"curies":[{"name":"wp","href":"https:\/\/api.w.org\/{rel}","templated":true}]}}