{"id":16356,"date":"2022-04-09T12:08:11","date_gmt":"2022-04-09T15:08:11","guid":{"rendered":"https:\/\/esreviral.com\/?p=16356"},"modified":"2022-04-09T12:08:11","modified_gmt":"2022-04-09T15:08:11","slug":"ataron-sus-manos-pegaron-sus-ojos-con-cinta-y-los-torturaron-el-tragico-relato-de-las-victimas-ucranianas","status":"publish","type":"post","link":"https:\/\/esreviral.com\/?p=16356","title":{"rendered":"\u201cAtaron sus manos, pegaron sus ojos con cinta y los torturaron\u201d: el tr\u00e1gico relato de las v\u00edctimas ucranianas"},"content":{"rendered":"\n<p>Aunque parezca la historia de una v\u00edctima del Holocausto, no es as\u00ed, es la masacre que est\u00e1n cometiendo los militares rusos en Ucrania. El \u00faltimo ataque  en la estaci\u00f3n de un tren, dej\u00f3 unos 50 muertos civiles. <\/p>\n\n\n\n<p>Son las 11 de la ma\u00f1ana de una jornada gris y lluviosa y en lo que era el jard\u00edn trasero de la Iglesia ortodoxa de San Andr\u00e9s -un templo moderno con los cl\u00e1sicos campanarios dorados-, se levanta una impresionante&nbsp;<strong>fosa com\u00fan<\/strong>. Vallada con unas cintas de pl\u00e1stico, como ocurre en una escena del crimen, en la fosa trabajan m\u00e9dicos forenses con mamelucos blancos que, acompa\u00f1ados por decenas de agentes con chalecos azules donde se lee&nbsp;<em>\u201cwar crimes prosecutors\u201d&nbsp;<\/em>(fiscales de cr\u00edmenes de guerra), est\u00e1n sacando, uno por uno,&nbsp;<strong>los cad\u00e1veres que all\u00ed las autoridades de la ciudad, desbordadas por la matanza cometida aqu\u00ed por las fuerzas rusas, fueron enterrando.&nbsp;<\/strong>Hay palas sobre la monta\u00f1a de arena, sillas plegables, muchos militares armados hasta los dientes y funcionarios que anotan e intentan identificar a los muertos.<\/p>\n\n\n\n<p><strong>\u201cEs toda gente com\u00fan, civiles, muchos de ellos estaban tirados en las calles&#8230; Era gente que trataba de escapar y los soldados rusos les dispararon\u201d,\u00a0<\/strong>explica\u00a0don Andri, el p\u00e1rroco de una Iglesia, quien declar\u00f3 a La naci\u00f3n, y cuyo jard\u00edn, ahora convertido en un cementerio a cielo abierto, es hoy noticia y es incluso visitado como ejemplo del espanto por la presidenta de la Comisi\u00f3n Europea, Ursula Von der Leyen.<\/p>\n\n\n\n<figure class=\"wp-block-image\"><img decoding=\"async\" src=\"https:\/\/resizer.glanacion.com\/resizer\/-asvlaqal_HaO3J51BGIreyKLrM=\/310x0\/filters:format(webp):quality(80)\/cloudfront-us-east-1.images.arcpublishing.com\/lanacionar\/NE6RY2ESUFD3PPJGAKJ3HPBCS4.JPG\" alt=\"Adri, el p\u00e1rroco de una Iglesia cuyo jard\u00edn fue convertido en un cementerio a cielo abierto\"\/><figcaption>Adri, el p\u00e1rroco de una Iglesia cuyo jard\u00edn fue convertido en un cementerio a cielo abiertoElisabetta Piqu\u00e9<\/figcaption><\/figure>\n\n\n\n<p>El silencio es roto por una topadora que sigue cavando en la espantosa fosa, el canto de un gallo enloquecido que viene de unas cuadras m\u00e1s all\u00e1 y el llanto, en su mayor\u00eda, t\u00edmido, de las personas que se acercan a reconocer a familiares y amigos.<\/p>\n\n\n\n<p>Ante decenas de camar\u00f3grafos, la excepci\u00f3n es Volodimir, un hombre joven con gorro de lana negro, barba corta, que llora desconsoladamente.&nbsp;<strong>\u201cReconoc\u00ed enseguida a mi hermano cuando lo sacaron de la fosa, se llamaba Dimitri, tambi\u00e9n estaba un vecino junto a \u00e9l\u201d,&nbsp;<\/strong>grita Volodimir, entre sollozos que le cortan el respiro.&nbsp;<strong>\u201cQuer\u00edamos sumarnos a las Fuerzas Territoriales de Defensa, pero nos rechazaron porque ya no ten\u00edan m\u00e1s armas\u201d,&nbsp;<\/strong>agrega, desesperado de dolor.<\/p>\n\n\n\n<figure class=\"wp-block-image\"><img decoding=\"async\" src=\"https:\/\/resizer.glanacion.com\/resizer\/GctLiugliiwzZlFwN_myFV7uP00=\/310x0\/filters:format(webp):quality(80)\/cloudfront-us-east-1.images.arcpublishing.com\/lanacionar\/HTZBZLS3L5G4JFPMRY6ZUPKAGY.JPG\" alt=\"Volodimir, llora desconsoladamente porque reconoci\u00f3 a su hermano en una de las fosas\"\/><figcaption>Volodimir, llora desconsoladamente porque reconoci\u00f3 a su hermano en una de las fosasElisabetta Piqu\u00e9<\/figcaption><\/figure>\n\n\n\n<p><strong><span style=\"background-color:#9a1b22\" class=\"td_text_highlight_marker\">Tortura y desaparecidos<\/span><\/strong><\/p>\n\n\n\n<p>Anastasia, que se protege de la lluvia con una capucha color rosa, cuenta que en esa fosa se encuentra un amigo. Se llamaba Alexander y ten\u00eda 38 a\u00f1os y dice que prefiere no ir a verlo ahora que es un cad\u00e1ver m\u00e1s, puesto en fila en una de las bolsas de pl\u00e1stico negras. \u201c\u00c9l era absolutamente pac\u00edfico, nunca le hizo nada a nadie y&nbsp;<strong>los rusos lo torturaron\u201d,&nbsp;<\/strong>denuncia.&nbsp;<strong>\u201cS\u00ed, ataron sus manos y pegaron sus ojos con cinta adhesiva y los soldados los torturaron. Pero ellos no le hab\u00edan hecho da\u00f1o a nadie\u201d,&nbsp;<\/strong>insiste, sin quebrarse. \u00bfC\u00f3mo sabe que fueron torturados? \u201cNos lo cont\u00f3 una persona que estaba con ellos pero que fue liberada\u201d, contesta esta joven, que dice que a\u00fan no dio su testimonio ante los fiscales de cr\u00edmenes de guerra presentes y que desconoce c\u00f3mo es el procedimiento para hacerlo.<\/p>\n\n\n\n<figure class=\"wp-block-image\"><img decoding=\"async\" src=\"https:\/\/resizer.glanacion.com\/resizer\/9ZPByLF9T55-aalLh618PVcJXiQ=\/310x0\/filters:format(webp):quality(80)\/cloudfront-us-east-1.images.arcpublishing.com\/lanacionar\/3TGQ5IGTFVHGFMCJ3VLCWF26ME.JPG\" alt=\"Anastasia cuenta que en la fosa encontraron a un amigo, Alexander, de 38 a\u00f1os \"\/><figcaption>Anastasia cuenta que en la fosa encontraron a un amigo, Alexander, de 38 a\u00f1osElisabetta Piqu\u00e9<\/figcaption><\/figure>\n\n\n\n<p>Hay&nbsp;<strong>olor a carne podrida,&nbsp;<\/strong>muchos comienzan a ponerse barbijos, pa\u00f1uelos y bufandas sobre la nariz. El aire, f\u00e9tido, lo impregna todo. Tatiana Lepinska, ojos celestes, pelo corto rubio, coordinadora del&nbsp;<em>call center&nbsp;<\/em>que abri\u00f3 la municipalidad de Bucha para que se&nbsp;<strong>denuncien los desaparecidos,&nbsp;<\/strong>dice a&nbsp;<strong>LA NACION&nbsp;<\/strong>que est\u00e1n recibiendo entre&nbsp;<strong>300 y 400 llamados por d\u00eda.&nbsp;<\/strong>\u201cHasta ahora llamaron al menos 3000 personas\u201d, indica.<\/p>\n\n\n\n<p>Ella tambi\u00e9n fue testigo de lo que pas\u00f3 en Bucha, localidad que queda a tan s\u00f3lo 30 kil\u00f3metros al noroeste de Kiev que fue tomada el 25 de febrero, el d\u00eda despu\u00e9s del comienzo de la invasi\u00f3n lanzada por&nbsp;<strong>Vladimir Putin&nbsp;<\/strong>contra esta exrep\u00fablica sovi\u00e9tica, por soldados chechenos. Las fuerzas ucranianas destruyeron d\u00edas m\u00e1s tarde la columna de blindados con la que los chechenos hab\u00edan ingresado -cuyos restos, achatarrados, pueden verse a\u00fan en la calle Volkzal\u2019na- y el 4 de marzo llegaron otros soldados rusos, acompa\u00f1ados por siberianos, con ojos asi\u00e1ticos, seg\u00fan los vecinos. Ellos siguieron adelante con esta guerra sucia contra civiles.<\/p>\n\n\n\n<figure class=\"wp-block-image\"><img decoding=\"async\" src=\"https:\/\/resizer.glanacion.com\/resizer\/t-Vf7E6XbORycA25ZWNj87PHmVQ=\/310x0\/filters:format(webp):quality(80)\/cloudfront-us-east-1.images.arcpublishing.com\/lanacionar\/GWK27X6PDVHXNHUVIEYEC5PUSY.JPG\" alt=\"Un cuerpo se muestra parcialmente mientras se recolectan bolsas para cad\u00e1veres en un cementerio de Bucha\"\/><figcaption>Un cuerpo se muestra parcialmente mientras se recolectan bolsas para cad\u00e1veres en un cementerio de BuchaRONALDO SCHEMIDT &#8211; AFP<\/figcaption><\/figure>\n\n\n\n<h2 class=\"wp-block-heading\">\u201cGenocidio\u201d<\/h2>\n\n\n\n<p>Tatiana, que&nbsp;<strong>logr\u00f3 escapar&nbsp;<\/strong>por un \u201ccorredor verde\u201d el 11 de marzo y que regres\u00f3 ayer, estuvo lo suficiente en Bucha como para ver&nbsp;<strong>el comienzo de la carnicer\u00eda.&nbsp;<\/strong>\u201cTodos los vecinos de Bucha est\u00e1bamos encerrados en los s\u00f3tanos;&nbsp;<strong>quienes intentaron irse en auto, fueron masacrados con metralletas, como tambi\u00e9n ocurri\u00f3 con los voluntarios que en bicicleta repart\u00edan los medicamentos. Los soldados rusos tambi\u00e9n los mataron a ellos a sangre fr\u00eda<\/strong>\u201d, denuncia.<\/p>\n\n\n\n<p><strong>\u201cIncluso le dispararon, con un tanque, a un conocido que viv\u00eda en un quinto piso que se atrevi\u00f3 a asomarse por la ventana.&nbsp;<\/strong>Lo hicieron intencionalmente y despu\u00e9s quemaron su cad\u00e1ver porque incendiaron su casa. Cuando algunos vecinos salieron a intentar apagar el fuego, a ellos tambi\u00e9n los mataron\u201d, agrega.<\/p>\n\n\n\n<figure class=\"wp-block-image\"><img decoding=\"async\" src=\"https:\/\/resizer.glanacion.com\/resizer\/EJ0LcgO-sbdpONkYinAP1A5et9s=\/310x0\/filters:format(webp):quality(80)\/cloudfront-us-east-1.images.arcpublishing.com\/lanacionar\/QU45U7MUUBC2RAISFLBU3BTFPM.JPG\" alt=\"Tatiana Lepinska habla de un &quot;genocidio&quot; en Bucha\"\/><figcaption>Tatiana Lepinska habla de un \u00abgenocidio\u00bb en BuchaElisabetta Piqu\u00e9<\/figcaption><\/figure>\n\n\n\n<p>\u201cLos rusos dicen que esto fue una \u2018operaci\u00f3n especial\u2019, pero los soldados que entraron a Bucha lo que hicieron fue&nbsp;<strong>un genocidio<\/strong>\u201d, acusa Tatiana, que es oriunda de Donetsk -ciudad del Donbass, la regi\u00f3n del sudeste bajo disputa y bajo fuego-, de donde se mud\u00f3 en 2016. All\u00ed tambi\u00e9n, asegura, fue testigo de c\u00f3mo los rusos mataban a todos aquellos que se identificaban como ucranianos. \u201cY aqu\u00ed mataron a todos porque todos somos ucranianos, fue un genocidio\u201d, clama.<\/p>\n\n\n\n<p>En el \u00fanico hospital de Bucha, en tanto, cuentan que reci\u00e9n hoy reabri\u00f3 la morgue, que cuando estuvieron los rusos hab\u00eda dejado de funcionar, como todo el resto de esta localidad arrasada, fantasma. Dos mujeres de la funeraria aseguran que el cami\u00f3n refrigerador que hay all\u00ed afuera, donde tambi\u00e9n se ve un ata\u00fad con un nombre escrito a mano sobre un papel y un carrito rojo con un cad\u00e1ver,&nbsp;<strong>\u201chay varios hombres torturados\u201d.<\/strong><\/p>\n\n\n\n<p>Un joven soldado del ej\u00e9rcito ucraniano acompa\u00f1a a&nbsp;<strong>LA NACION<\/strong>&nbsp;y a otros periodistas italianos hasta un centro recreativo de Bucha, que se levanta en medio de un parque, frente a una iglesia con sus vidrios da\u00f1ados. All\u00ed, en el s\u00f3tano de un edificio, encontraron a cinco personas torturadas. En otro edificio que fue la base principal de los invasores, se ven raciones de comida militar rusa, colchones tirados en el piso sobre los que dorm\u00edan las tropas y, en el segundo piso, sobre un sof\u00e1, collares,&nbsp;<em>bijouterie&nbsp;<\/em>y dem\u00e1s joyas, evidentemente saqueadas en las casas. \u201cSeguro los rusos estaban tratando de entender si hab\u00eda algo valioso\u201d, explica el militar.<\/p>\n\n\n\n<figure class=\"wp-block-image\"><img decoding=\"async\" src=\"https:\/\/resizer.glanacion.com\/resizer\/fxhk4jUt3-rObQ1BJrzX92kgHkY=\/310x0\/filters:format(webp):quality(80)\/cloudfront-us-east-1.images.arcpublishing.com\/lanacionar\/6TMEQN2DZVHHDDZJ7X244NED64\" alt=\"Una fosa com\u00fan hallada en Bucha, en la afueras de Kiev\"\/><figcaption>Una fosa com\u00fan hallada en Bucha, en la afueras de Kiev<\/figcaption><\/figure>\n\n\n\n<p>En el jard\u00edn de la Iglesia de San Andr\u00e9s donde las excavadoras siguen sacando bolsas negras, cuando le pregunto al p\u00e1rroco, don Andri, qu\u00e9 les dir\u00eda a los rusos que est\u00e1n diciendo que la masacre de Bucha ha sido una puesta en escena, mueve la cabeza. Y contesta sacando de su bolsillo su celular: muestra las im\u00e1genes de cuando comenzaron a enterrar, en esa misma fosa com\u00fan, porque no funcionaba la morgue y para darles sepultura, a las decenas y decenas de cad\u00e1veres que estaban tirados en las calles de Bucha. \u201cEmpezamos a enterrar los muertos el 10 de marzo -asegura-, ten\u00edamos problemas con la conexi\u00f3n de internet y no pod\u00edamos subir directamente estos videos. Los rusos mienten, aqu\u00ed hubo un genocidio\u201d.<\/p>\n","protected":false},"excerpt":{"rendered":"<p>Aunque parezca la historia de una v\u00edctima del Holocausto, no es as\u00ed, es la masacre que est\u00e1n cometiendo los militares rusos en Ucrania. El \u00faltimo ataque en la estaci\u00f3n de un tren, dej\u00f3 unos 50 muertos civiles. Son las 11 de la ma\u00f1ana de una jornada gris y lluviosa y en lo que era el [&hellip;]<\/p>\n","protected":false},"author":2,"featured_media":16357,"comment_status":"open","ping_status":"open","sticky":false,"template":"","format":"standard","meta":{"jnews-multi-image_gallery":[],"jnews_single_post":[],"jnews_primary_category":[],"jnews_social_meta":[],"jnews_review":[],"enable_review":"","type":"","name":"","summary":"","brand":"","sku":"","good":[],"bad":[],"score_override":"","override_value":"","rating":[],"price":[],"jnews_override_counter":[],"jnews_post_split":[],"footnotes":""},"categories":[88],"tags":[837,45,235,1596],"class_list":["post-16356","post","type-post","status-publish","format-standard","has-post-thumbnail","hentry","category-internacionales","tag-guerra","tag-noticias","tag-rusia","tag-ucrania"],"amp_enabled":true,"_links":{"self":[{"href":"https:\/\/esreviral.com\/index.php?rest_route=\/wp\/v2\/posts\/16356"}],"collection":[{"href":"https:\/\/esreviral.com\/index.php?rest_route=\/wp\/v2\/posts"}],"about":[{"href":"https:\/\/esreviral.com\/index.php?rest_route=\/wp\/v2\/types\/post"}],"author":[{"embeddable":true,"href":"https:\/\/esreviral.com\/index.php?rest_route=\/wp\/v2\/users\/2"}],"replies":[{"embeddable":true,"href":"https:\/\/esreviral.com\/index.php?rest_route=%2Fwp%2Fv2%2Fcomments&post=16356"}],"version-history":[{"count":0,"href":"https:\/\/esreviral.com\/index.php?rest_route=\/wp\/v2\/posts\/16356\/revisions"}],"wp:featuredmedia":[{"embeddable":true,"href":"https:\/\/esreviral.com\/index.php?rest_route=\/"}],"wp:attachment":[{"href":"https:\/\/esreviral.com\/index.php?rest_route=%2Fwp%2Fv2%2Fmedia&parent=16356"}],"wp:term":[{"taxonomy":"category","embeddable":true,"href":"https:\/\/esreviral.com\/index.php?rest_route=%2Fwp%2Fv2%2Fcategories&post=16356"},{"taxonomy":"post_tag","embeddable":true,"href":"https:\/\/esreviral.com\/index.php?rest_route=%2Fwp%2Fv2%2Ftags&post=16356"}],"curies":[{"name":"wp","href":"https:\/\/api.w.org\/{rel}","templated":true}]}}