{"id":1634,"date":"2020-11-13T17:38:46","date_gmt":"2020-11-13T17:38:46","guid":{"rendered":"http:\/\/esreviral.com\/?p=1634"},"modified":"2020-11-13T17:38:46","modified_gmt":"2020-11-13T17:38:46","slug":"el-regreso-de-el-principe-del-rap-ya-tiene-fecha-y-mostraron-su-trailer","status":"publish","type":"post","link":"https:\/\/esreviral.com\/?p=1634","title":{"rendered":"El regreso de El Pr\u00edncipe del Rap, ya tiene fecha y mostraron su tr\u00e1iler"},"content":{"rendered":"\n<p><strong><em>Karla Quintana.- <\/em><\/strong>Pr\u00f3ximamente llegar\u00e1 el programa especial <em><strong>30 aniversario de El Pr\u00edncipe del Rap<\/strong><\/em>, no te pierdas este adelanto y descubre su fecha de estreno.<\/p>\n\n\n\n<p>En menos de una semana, los fan\u00e1ticos de todo el mundo pasar\u00e1n unos minutos viendo a Will Smith compartir con su p\u00fablico c\u00f3mo se convirti\u00f3 en el \u00fanico Prince Rap Bel-Air.<\/p>\n\n\n\n<p>Como todos sabemos, <strong>se est\u00e1 preparando una reuni\u00f3n especial de El <em>Pr\u00edncipe del Rap de Bel Air <\/em>para celebrar el 30 aniversario del programa<\/strong>, especialmente despu\u00e9s de que Smith comparti\u00f3 fotos de todos los actores en sus p\u00e1ginas de redes sociales. Sin embargo, ahora, finalmente tenemos una comprensi\u00f3n preliminar de esta versi\u00f3n especial y su fecha de lanzamiento oficial.<\/p>\n\n\n\n<p>Will Smith dio a conocer el avance este viernes 13 de noviembre, comenzando con un video de \u00e9l mismo presentando las im\u00e1genes. <strong>\u201cThe Fresh Prince of Bel-Air Reunion\u201d se lanzar\u00e1 en HBO Max el 19 de noviembre.<\/strong><\/p>\n\n\n\n<figure class=\"wp-block-embed-youtube wp-block-embed is-type-video is-provider-youtube wp-embed-aspect-16-9 wp-has-aspect-ratio\"><div class=\"wp-block-embed__wrapper\">\n<div class=\"jeg_video_container jeg_video_content\"><iframe title=\"The Fresh Prince of Bel-Air Reunion Trailer\" width=\"500\" height=\"281\" src=\"https:\/\/www.youtube.com\/embed\/3Kz2vYa5ZPA?feature=oembed\" frameborder=\"0\" allow=\"accelerometer; autoplay; clipboard-write; encrypted-media; gyroscope; picture-in-picture; web-share\" referrerpolicy=\"strict-origin-when-cross-origin\" allowfullscreen><\/iframe><\/div>\n<\/div><\/figure>\n\n\n\n<p><strong><span style=\"background-color:#9a1b22\" class=\"td_text_highlight_marker\">Especial del 30 aniversario de El Principe del Rap<\/span><\/strong><\/p>\n\n\n\n<p>El especial fue filmado en el 30 aniversario del estreno de Fresh Prince en septiembre. Smith y sus coprotagonistas Alfonso Ribeiro, Tatyana Ali, Karyn Parsons, Joseph Marcel (Joseph Marcel) Marcell, Daphne Reid y DJ Jazzy Jeff (DJ Jazzy Jeff) se encuentran en el cl\u00e1sico set de la sala Banks.<\/p>\n\n\n\n<p>La reuni\u00f3n del Principe del Rap tambi\u00e9n presenta el regreso de la actriz principal la t\u00eda Viv, Janet Hubert, quien abandon\u00f3 el programa despu\u00e9s de tres a\u00f1os en 1993. Entre Hubert y Smith desde su partida, ten\u00edan diferencias lo que lleva a muchos a pensar que ella no se presentar\u00eda a la reunion. Sin embargo, parece que ella y Smith han reparado sus diferencias, ya que ella hace una aparici\u00f3n en el especial.<\/p>\n\n\n\n<p>Lamentablemente, la reuni\u00f3n del pr\u00edncipe del rap no contar\u00e1 con el t\u00edo Phil, el patriarca de la familia Banks, interpretado por el c\u00e9lebre actor James Avery. Avery muri\u00f3 en 2013 y se vio al actor compartiendo sus recuerdos en el tr\u00e1iler de la reuni\u00f3n.<\/p>\n\n\n\n<p>La reuni\u00f3n del Principe del Rap llega un poco antes de lo esperado. Se sab\u00eda que el especial se lanzar\u00eda en HBO Max alrededor del D\u00eda de Acci\u00f3n de Gracias, pero ahora sabemos que debutar\u00e1 una semana antes de las vacaciones. El D\u00eda de Acci\u00f3n de Gracias seguir\u00e1 siendo un d\u00eda lleno de gente para HBO Max, ya que The Flight Attendant y Superintelligence se estrenar\u00e1n en el servicio de transmisi\u00f3n.<\/p>\n\n\n\n<p>El reencuentro del pr\u00edncipe del rap fue antes de lo esperado. El programa especial se lanz\u00f3 en HBO Max alrededor del D\u00eda de Acci\u00f3n de Gracias, pero ahora sabemos que debutar\u00e1 la semana antes de las vacaciones.<\/p>\n","protected":false},"excerpt":{"rendered":"<p>En menos de una semana, los fan\u00e1ticos de todo el mundo pasar\u00e1n unos minutos viendo a Will Smith compartir con su p\u00fablico c\u00f3mo se convirti\u00f3 en el \u00fanico Prince Rap Bel-Air<\/p>\n","protected":false},"author":2,"featured_media":1635,"comment_status":"open","ping_status":"open","sticky":false,"template":"","format":"standard","meta":{"jnews-multi-image_gallery":[],"jnews_single_post":[],"jnews_primary_category":[],"jnews_social_meta":[],"jnews_review":[],"enable_review":"","type":"","name":"","summary":"","brand":"","sku":"","good":[],"bad":[],"score_override":"","override_value":"","rating":[],"price":[],"jnews_override_counter":[],"jnews_post_split":[],"footnotes":""},"categories":[50],"tags":[275,51,276],"class_list":["post-1634","post","type-post","status-publish","format-standard","has-post-thumbnail","hentry","category-entretenimiento","tag-el-principe-del-rap","tag-entretenimiento","tag-will-smith"],"amp_enabled":true,"_links":{"self":[{"href":"https:\/\/esreviral.com\/index.php?rest_route=\/wp\/v2\/posts\/1634"}],"collection":[{"href":"https:\/\/esreviral.com\/index.php?rest_route=\/wp\/v2\/posts"}],"about":[{"href":"https:\/\/esreviral.com\/index.php?rest_route=\/wp\/v2\/types\/post"}],"author":[{"embeddable":true,"href":"https:\/\/esreviral.com\/index.php?rest_route=\/wp\/v2\/users\/2"}],"replies":[{"embeddable":true,"href":"https:\/\/esreviral.com\/index.php?rest_route=%2Fwp%2Fv2%2Fcomments&post=1634"}],"version-history":[{"count":0,"href":"https:\/\/esreviral.com\/index.php?rest_route=\/wp\/v2\/posts\/1634\/revisions"}],"wp:featuredmedia":[{"embeddable":true,"href":"https:\/\/esreviral.com\/index.php?rest_route=\/"}],"wp:attachment":[{"href":"https:\/\/esreviral.com\/index.php?rest_route=%2Fwp%2Fv2%2Fmedia&parent=1634"}],"wp:term":[{"taxonomy":"category","embeddable":true,"href":"https:\/\/esreviral.com\/index.php?rest_route=%2Fwp%2Fv2%2Fcategories&post=1634"},{"taxonomy":"post_tag","embeddable":true,"href":"https:\/\/esreviral.com\/index.php?rest_route=%2Fwp%2Fv2%2Ftags&post=1634"}],"curies":[{"name":"wp","href":"https:\/\/api.w.org\/{rel}","templated":true}]}}