{"id":16261,"date":"2022-04-07T12:20:34","date_gmt":"2022-04-07T15:20:34","guid":{"rendered":"https:\/\/esreviral.com\/?p=16261"},"modified":"2022-04-07T12:20:34","modified_gmt":"2022-04-07T15:20:34","slug":"visita-oficial-el-presidente-de-bolivia-llego-a-la-argentina","status":"publish","type":"post","link":"https:\/\/esreviral.com\/?p=16261","title":{"rendered":"Visita oficial: El Presidente de Bolivia, lleg\u00f3 a la Argentina"},"content":{"rendered":"\n<p>El presidente Alberto Fern\u00e1ndez recibi\u00f3 esta ma\u00f1ana en la explanada de Casa Rosada a su par del Estado Plurinacional de Bolivia, Luis Arce, en su primera visita oficial al pa\u00eds.<\/p>\n\n\n\n<p><br>A continuaci\u00f3n, los mandatarios posaron para la tradicional foto oficial en la escalera Francia de Casa de Gobierno, en el inicio de las actividades oficiales que el mandatario del pa\u00eds vecino llevar\u00e1 adelante en la Argentina.<\/p>\n\n\n\n<p><br>Ambos mantienen una reuni\u00f3n privada y concluida la misma encabezar\u00e1n el acto en el que se suscribir\u00e1 el Memor\u00e1ndum de Entendimiento de Cooperaci\u00f3n en la Integraci\u00f3n en Recursos Evapor\u00edticos y Litio en el Sal\u00f3n Blanco de Casa Rosada.<\/p>\n\n\n\n<p>Concluida la firma de los convenios, Fern\u00e1ndez y Arce har\u00e1n una declaraci\u00f3n a la prensa.<\/p>\n\n\n\n<p><br>Luego, el mandatario argentino ofrecer\u00e1 un almuerzo en honor al presidente de Bolivia y su comitiva.&nbsp;<\/p>\n\n\n\n<p>Lea tambi\u00e9n: <\/p>\n\n\n\n<p><\/p>\n\n\n\n<figure class=\"wp-block-image size-large\"><img decoding=\"async\" src=\"https:\/\/esreviral.com\/wp-content\/uploads\/2022\/04\/20220407-ECO_5171-1024x683.jpg\" alt=\"\" class=\"wp-image-16263\"\/><\/figure>\n\n\n\n<p><\/p>\n","protected":false},"excerpt":{"rendered":"<p>El presidente Alberto Fern\u00e1ndez recibi\u00f3 esta ma\u00f1ana en la explanada de Casa Rosada a su par del Estado Plurinacional de Bolivia, Luis Arce, en su primera visita oficial al pa\u00eds. A continuaci\u00f3n, los mandatarios posaron para la tradicional foto oficial en la escalera Francia de Casa de Gobierno, en el inicio de las actividades oficiales [&hellip;]<\/p>\n","protected":false},"author":2,"featured_media":16262,"comment_status":"open","ping_status":"open","sticky":false,"template":"","format":"standard","meta":{"jnews-multi-image_gallery":[],"jnews_single_post":[],"jnews_primary_category":[],"jnews_social_meta":[],"jnews_review":[],"enable_review":"","type":"","name":"","summary":"","brand":"","sku":"","good":[],"bad":[],"score_override":"","override_value":"","rating":[],"price":[],"jnews_override_counter":[],"jnews_post_split":[],"footnotes":""},"categories":[59],"tags":[109,1761,70],"class_list":["post-16261","post","type-post","status-publish","format-standard","has-post-thumbnail","hentry","category-politica","tag-bolivia","tag-luis-arce","tag-venezolanos-en-bolivia"],"amp_enabled":true,"_links":{"self":[{"href":"https:\/\/esreviral.com\/index.php?rest_route=\/wp\/v2\/posts\/16261"}],"collection":[{"href":"https:\/\/esreviral.com\/index.php?rest_route=\/wp\/v2\/posts"}],"about":[{"href":"https:\/\/esreviral.com\/index.php?rest_route=\/wp\/v2\/types\/post"}],"author":[{"embeddable":true,"href":"https:\/\/esreviral.com\/index.php?rest_route=\/wp\/v2\/users\/2"}],"replies":[{"embeddable":true,"href":"https:\/\/esreviral.com\/index.php?rest_route=%2Fwp%2Fv2%2Fcomments&post=16261"}],"version-history":[{"count":0,"href":"https:\/\/esreviral.com\/index.php?rest_route=\/wp\/v2\/posts\/16261\/revisions"}],"wp:featuredmedia":[{"embeddable":true,"href":"https:\/\/esreviral.com\/index.php?rest_route=\/"}],"wp:attachment":[{"href":"https:\/\/esreviral.com\/index.php?rest_route=%2Fwp%2Fv2%2Fmedia&parent=16261"}],"wp:term":[{"taxonomy":"category","embeddable":true,"href":"https:\/\/esreviral.com\/index.php?rest_route=%2Fwp%2Fv2%2Fcategories&post=16261"},{"taxonomy":"post_tag","embeddable":true,"href":"https:\/\/esreviral.com\/index.php?rest_route=%2Fwp%2Fv2%2Ftags&post=16261"}],"curies":[{"name":"wp","href":"https:\/\/api.w.org\/{rel}","templated":true}]}}