{"id":16249,"date":"2022-04-07T11:00:32","date_gmt":"2022-04-07T14:00:32","guid":{"rendered":"https:\/\/esreviral.com\/?p=16249"},"modified":"2022-04-07T11:00:32","modified_gmt":"2022-04-07T14:00:32","slug":"ministro-de-salud-hablo-del-posible-fin-del-barbijo-en-la-ciudad-y-vaticino-la-llegada-en-breve-de-la-variante-xe-al-pais","status":"publish","type":"post","link":"https:\/\/esreviral.com\/?p=16249","title":{"rendered":"Ministro de salud habl\u00f3 del posible fin del barbijo en la Ciudad y vaticin\u00f3 la llegada \u201cen breve\u201d de la variante XE al pa\u00eds"},"content":{"rendered":"\n<p>El ministro de Salud de la Ciudad de Buenos Aires,\u00a0<strong>Fern\u00e1n Quir\u00f3s<\/strong>,\u00a0<strong>se refiri\u00f3 al posible fin del uso obligatorio del tapabocas\u00a0<\/strong>en la capital, un elemento de protecci\u00f3n que desde h Adem\u00e1s, pronostic\u00f3 la llegada \u201cen breve\u201d de la\u00a0<strong>variante XE de Covid<\/strong>\u00a0a la Argentina y habl\u00f3 sobre la aplicaci\u00f3n de segundos refuerzos.<\/p>\n\n\n\n<p>Durante el informe semanal sobre la situaci\u00f3n sanitaria en el distrito, al funcionario le preguntaron si se replicar\u00e1 en la Ciudad la decisi\u00f3n anunciada por el ministro de Salud bonaerense, Nicol\u00e1s Kreplak,<strong>&nbsp;<\/strong>a lo que respondi\u00f3:&nbsp;<strong>\u201cVamos avanzando con las medidas de liberaci\u00f3n de las restricciones d\u00eda a d\u00eda y semana a semana<\/strong>, de acuerdo a c\u00f3mo vamos evaluando los resultados de la pandemia. Hasta el d\u00eda de hoy el barbijo no es obligatorio en todos los lugares abiertos y en el entorno escolar para los ni\u00f1os\u201d.<\/p>\n\n\n\n<p>Tras ello agreg\u00f3:<strong>&nbsp;\u201cSeguiremos evaluando<\/strong>&nbsp;semana a semana en qu\u00e9 momento podemos dar otros pasos, siempre de la manera m\u00e1s segura y manteniendo el cuidado de la ciudadan\u00eda de manera apropiada. As\u00ed que&nbsp;<strong>probablemente en los pr\u00f3ximos d\u00edas o semanas<\/strong>, de acuerdo a las evaluaciones que hagamos,&nbsp;<strong>iremos comunicando a la sociedad cu\u00e1les son las mejores estrategias<\/strong>&nbsp;para cada semana\u201d.<\/p>\n","protected":false},"excerpt":{"rendered":"<p>\u201cSeguiremos evaluando\u00a0semana a semana en qu\u00e9 momento podemos dar otros pasos\u00bb<\/p>\n","protected":false},"author":2,"featured_media":16250,"comment_status":"open","ping_status":"open","sticky":false,"template":"","format":"standard","meta":{"jnews-multi-image_gallery":[],"jnews_single_post":[],"jnews_primary_category":[],"jnews_social_meta":[],"jnews_review":[],"enable_review":"","type":"","name":"","summary":"","brand":"","sku":"","good":[],"bad":[],"score_override":"","override_value":"","rating":[],"price":[],"jnews_override_counter":[],"jnews_post_split":[],"footnotes":""},"categories":[76],"tags":[44,77,1412,45],"class_list":["post-16249","post","type-post","status-publish","format-standard","has-post-thumbnail","hentry","category-coronavirus","tag-argentina","tag-coronavirus","tag-fernan-quiros","tag-noticias"],"amp_enabled":true,"_links":{"self":[{"href":"https:\/\/esreviral.com\/index.php?rest_route=\/wp\/v2\/posts\/16249"}],"collection":[{"href":"https:\/\/esreviral.com\/index.php?rest_route=\/wp\/v2\/posts"}],"about":[{"href":"https:\/\/esreviral.com\/index.php?rest_route=\/wp\/v2\/types\/post"}],"author":[{"embeddable":true,"href":"https:\/\/esreviral.com\/index.php?rest_route=\/wp\/v2\/users\/2"}],"replies":[{"embeddable":true,"href":"https:\/\/esreviral.com\/index.php?rest_route=%2Fwp%2Fv2%2Fcomments&post=16249"}],"version-history":[{"count":0,"href":"https:\/\/esreviral.com\/index.php?rest_route=\/wp\/v2\/posts\/16249\/revisions"}],"wp:featuredmedia":[{"embeddable":true,"href":"https:\/\/esreviral.com\/index.php?rest_route=\/"}],"wp:attachment":[{"href":"https:\/\/esreviral.com\/index.php?rest_route=%2Fwp%2Fv2%2Fmedia&parent=16249"}],"wp:term":[{"taxonomy":"category","embeddable":true,"href":"https:\/\/esreviral.com\/index.php?rest_route=%2Fwp%2Fv2%2Fcategories&post=16249"},{"taxonomy":"post_tag","embeddable":true,"href":"https:\/\/esreviral.com\/index.php?rest_route=%2Fwp%2Fv2%2Ftags&post=16249"}],"curies":[{"name":"wp","href":"https:\/\/api.w.org\/{rel}","templated":true}]}}