{"id":16246,"date":"2022-04-07T10:54:15","date_gmt":"2022-04-07T13:54:15","guid":{"rendered":"https:\/\/esreviral.com\/?p=16246"},"modified":"2022-04-07T10:54:15","modified_gmt":"2022-04-07T13:54:15","slug":"a-partir-de-hoy-el-tapabocas-sera-optativo-en-espacios-laborales-recreativos-y-educativos-de-la-provincia-de-buenos-aires","status":"publish","type":"post","link":"https:\/\/esreviral.com\/?p=16246","title":{"rendered":"A partir de hoy el tapabocas ser\u00e1 optativo en espacios laborales, recreativos y educativos de la provincia de Buenos Aires"},"content":{"rendered":"\n<p>El uso del barbijo es optativo a partir de este jueves en las escuelas de la provincia de Buenos Aires, as\u00ed como en espacios laborales y recreativos, pero seguir\u00e1 siendo obligatorio en el transporte p\u00fablico, se anunci\u00f3 oficialmente.<\/p>\n\n\n\n<p><strong>El ministro de Salud bonaerense, Nicol\u00e1s Kreplak, argument\u00f3 que en la provincia hace 10 semanas que se registra un \u00abdescenso sostenido\u00bb de casos de coronavirus y que el brote adelantado de influenza est\u00e1 \u00abcontrolado\u00bb<\/strong>, adem\u00e1s de que la campa\u00f1a de vacunaci\u00f3n contra la gripe est\u00e1 iniciada y m\u00e1s del 95% de la poblaci\u00f3n est\u00e1 inmunizada contra el Covid-19.<\/p>\n\n\n\n<p>Lea tambi\u00e9n: <\/p>\n\n\n\n<p><\/p>\n\n\n\n<figure class=\"wp-block-embed is-type-rich is-provider-twitter wp-block-embed-twitter\"><div class=\"wp-block-embed__wrapper\">\n<blockquote class=\"twitter-tweet\" data-width=\"500\" data-dnt=\"true\"><p lang=\"es\" dir=\"ltr\">Sostener los cuidados siempre fue la prioridad, pero a\u00fan m\u00e1s en ni\u00f1os y ni\u00f1as. Por eso en las escuelas de <a href=\"https:\/\/twitter.com\/BAProvincia?ref_src=twsrc%5Etfw\">@BAProvincia<\/a> se distribuyeron 33 mil medidores de di\u00f3xido de carbono para tener una adecuada ventilaci\u00f3n y se aplicaron m\u00e1s de 295000 vacunas COVID en 3000 escuelas.<\/p>&mdash; Nicol\u00e1s Kreplak (@nkreplak) <a href=\"https:\/\/twitter.com\/nkreplak\/status\/1511828303228948482?ref_src=twsrc%5Etfw\">April 6, 2022<\/a><\/blockquote><script async src=\"https:\/\/platform.twitter.com\/widgets.js\" charset=\"utf-8\"><\/script>\n<\/div><\/figure>\n","protected":false},"excerpt":{"rendered":"<p>El ministro de Salud bonaerense, Nicol\u00e1s Kreplak, argument\u00f3 que en la provincia hace 10 semanas que se registra un \u00abdescenso sostenido\u00bb de casos de coronavirus y que el brote adelantado de influenza est\u00e1 \u00abcontrolado\u00bb, adem\u00e1s de que la campa\u00f1a de vacunaci\u00f3n contra la gripe est\u00e1 <\/p>\n","protected":false},"author":2,"featured_media":16247,"comment_status":"open","ping_status":"open","sticky":false,"template":"","format":"standard","meta":{"jnews-multi-image_gallery":[],"jnews_single_post":[],"jnews_primary_category":[],"jnews_social_meta":[],"jnews_review":[],"enable_review":"","type":"","name":"","summary":"","brand":"","sku":"","good":[],"bad":[],"score_override":"","override_value":"","rating":[],"price":[],"jnews_override_counter":[],"jnews_post_split":[],"footnotes":""},"categories":[58,76],"tags":[44,77,188],"class_list":["post-16246","post","type-post","status-publish","format-standard","has-post-thumbnail","hentry","category-argentina","category-coronavirus","tag-argentina","tag-coronavirus","tag-covid-19"],"amp_enabled":true,"_links":{"self":[{"href":"https:\/\/esreviral.com\/index.php?rest_route=\/wp\/v2\/posts\/16246"}],"collection":[{"href":"https:\/\/esreviral.com\/index.php?rest_route=\/wp\/v2\/posts"}],"about":[{"href":"https:\/\/esreviral.com\/index.php?rest_route=\/wp\/v2\/types\/post"}],"author":[{"embeddable":true,"href":"https:\/\/esreviral.com\/index.php?rest_route=\/wp\/v2\/users\/2"}],"replies":[{"embeddable":true,"href":"https:\/\/esreviral.com\/index.php?rest_route=%2Fwp%2Fv2%2Fcomments&post=16246"}],"version-history":[{"count":0,"href":"https:\/\/esreviral.com\/index.php?rest_route=\/wp\/v2\/posts\/16246\/revisions"}],"wp:featuredmedia":[{"embeddable":true,"href":"https:\/\/esreviral.com\/index.php?rest_route=\/"}],"wp:attachment":[{"href":"https:\/\/esreviral.com\/index.php?rest_route=%2Fwp%2Fv2%2Fmedia&parent=16246"}],"wp:term":[{"taxonomy":"category","embeddable":true,"href":"https:\/\/esreviral.com\/index.php?rest_route=%2Fwp%2Fv2%2Fcategories&post=16246"},{"taxonomy":"post_tag","embeddable":true,"href":"https:\/\/esreviral.com\/index.php?rest_route=%2Fwp%2Fv2%2Ftags&post=16246"}],"curies":[{"name":"wp","href":"https:\/\/api.w.org\/{rel}","templated":true}]}}