{"id":16238,"date":"2022-04-06T19:06:49","date_gmt":"2022-04-06T22:06:49","guid":{"rendered":"https:\/\/esreviral.com\/?p=16238"},"modified":"2022-04-06T19:06:49","modified_gmt":"2022-04-06T22:06:49","slug":"el-gobierno-nacional-dispuso-un-aumento-del-50-en-la-tarjeta-alimentar-que-beneficiara-a-41-millones-de-personas","status":"publish","type":"post","link":"https:\/\/esreviral.com\/?p=16238","title":{"rendered":"Aumentan en 50% la Tarjeta Alimentar que beneficiar\u00e1 a 4,1 millones de personas"},"content":{"rendered":"\n<p>El presidente Alberto Fern\u00e1ndez y el ministro de Desarrollo Social de la Naci\u00f3n, Juan Zabaleta, anunciaron hoy el aumento del 50% de la Prestaci\u00f3n Alimentar, que perciben 2,4 millones titulares y alcanza a 4,1 millones de personas.<\/p>\n\n\n\n<p>El incremento, que se cobrar\u00e1 en los primeros d\u00edas de mayo, corresponde al pago de abril y se acreditar\u00e1 en las tarjetas del programa.<\/p>\n\n\n\n<p>Los nuevos montos quedar\u00e1n en 9 mil pesos para las familias con un hijo o hija de hasta catorce a\u00f1os de edad o con discapacidad; 13.500 pesos en el caso de familias que tienen dos hijos o hijas en la misma franja etaria o con discapacidad; 9 mil pesos para quienes perciben la asignaci\u00f3n por embarazo; y 18 mil pesos en el caso de familias con tres hijos o m\u00e1s menores de catorce a\u00f1os de edad.<\/p>\n\n\n\n<p>La Tarjeta Alimentar es una iniciativa del gobierno nacional, en el contexto del Plan Argentina contra el Hambre, que, desde enero de 2020, busca garantizar a las familias argentinas el acceso a la canasta b\u00e1sica alimentaria.<\/p>\n\n\n\n<p>El anuncio se dio en el marco de la recorrida del Presidente junto al ministro por el Centro de Desarrollo Productivo \u00abIncuba Brown\u00bb, ubicado en el municipio bonaerense de Almirante Brown. All\u00ed supervisaron la entrega de instrumental a emprendedores y emprendedoras, dentro del programa nacional \u201cBanco de Maquinarias, Herramientas y Materiales para la Emergencia Social\u201d.<\/p>\n","protected":false},"excerpt":{"rendered":"<p>El presidente Alberto Fern\u00e1ndez y el ministro de Desarrollo Social de la Naci\u00f3n, Juan Zabaleta, anunciaron hoy el aumento del 50% de la Prestaci\u00f3n Alimentar, que perciben 2,4 millones titulares y alcanza a 4,1 millones de personas. El incremento, que se cobrar\u00e1 en los primeros d\u00edas de mayo, corresponde al pago de abril y se [&hellip;]<\/p>\n","protected":false},"author":2,"featured_media":16242,"comment_status":"open","ping_status":"open","sticky":false,"template":"","format":"standard","meta":{"jnews-multi-image_gallery":[],"jnews_single_post":[],"jnews_primary_category":[],"jnews_social_meta":[],"jnews_review":[],"enable_review":"","type":"","name":"","summary":"","brand":"","sku":"","good":[],"bad":[],"score_override":"","override_value":"","rating":[],"price":[],"jnews_override_counter":[],"jnews_post_split":[],"footnotes":""},"categories":[61,59],"tags":[44,45],"class_list":["post-16238","post","type-post","status-publish","format-standard","has-post-thumbnail","hentry","category-economia","category-politica","tag-argentina","tag-noticias"],"amp_enabled":true,"_links":{"self":[{"href":"https:\/\/esreviral.com\/index.php?rest_route=\/wp\/v2\/posts\/16238"}],"collection":[{"href":"https:\/\/esreviral.com\/index.php?rest_route=\/wp\/v2\/posts"}],"about":[{"href":"https:\/\/esreviral.com\/index.php?rest_route=\/wp\/v2\/types\/post"}],"author":[{"embeddable":true,"href":"https:\/\/esreviral.com\/index.php?rest_route=\/wp\/v2\/users\/2"}],"replies":[{"embeddable":true,"href":"https:\/\/esreviral.com\/index.php?rest_route=%2Fwp%2Fv2%2Fcomments&post=16238"}],"version-history":[{"count":0,"href":"https:\/\/esreviral.com\/index.php?rest_route=\/wp\/v2\/posts\/16238\/revisions"}],"wp:featuredmedia":[{"embeddable":true,"href":"https:\/\/esreviral.com\/index.php?rest_route=\/"}],"wp:attachment":[{"href":"https:\/\/esreviral.com\/index.php?rest_route=%2Fwp%2Fv2%2Fmedia&parent=16238"}],"wp:term":[{"taxonomy":"category","embeddable":true,"href":"https:\/\/esreviral.com\/index.php?rest_route=%2Fwp%2Fv2%2Fcategories&post=16238"},{"taxonomy":"post_tag","embeddable":true,"href":"https:\/\/esreviral.com\/index.php?rest_route=%2Fwp%2Fv2%2Ftags&post=16238"}],"curies":[{"name":"wp","href":"https:\/\/api.w.org\/{rel}","templated":true}]}}