{"id":16232,"date":"2022-04-06T19:01:06","date_gmt":"2022-04-06T22:01:06","guid":{"rendered":"https:\/\/esreviral.com\/?p=16232"},"modified":"2022-04-06T19:01:06","modified_gmt":"2022-04-06T22:01:06","slug":"escritoras-venezolanas-se-destacan-por-sus-plumas-y-lanzan-nuevos-titulos","status":"publish","type":"post","link":"https:\/\/esreviral.com\/?p=16232","title":{"rendered":"Escritoras venezolanas se destacan por sus plumas y lanzan nuevos t\u00edtulos"},"content":{"rendered":"\n<p><strong><em>CIS.- <\/em><\/strong>El talento venezolano no para de destacar en cualquier parte del mundo y en Argentina no es la excepci\u00f3n. El arte presente en todas partes y muestra de ello son Rosalinda V\u00e1squez y Silvina Campana, quienes est\u00e1n estrenando sus respectivos libros, uno impreso y el otro digital. <\/p>\n\n\n\n<p><meta charset=\"utf-8\"><strong>\u00abEntre las Vida y las Tumbas\u00bb, <\/strong>as\u00ed se titula el primer libro escrito por la profesora Rosalinda V\u00e1squez, quien narra a trav\u00e9s de Memorias de un Cementerio, hechos reales que inspiraron a la autora quien <meta charset=\"utf-8\">creci\u00f3 en un oasis de sepulturas.<\/p>\n\n\n\n<p>\u00abFue justo en una peque\u00f1a necr\u00f3polis venezolana, donde se desarrollaron los acontecimientos de esta historia cargada de sentimentalismo, misterio, encuentros amorosos, valores familiares y an\u00e9cdotas f\u00fanebres\u00bb.<\/p>\n\n\n\n<p>Es un libro editado e impreso por la editorial Dunken y que se puede encontrar a trav\u00e9s de Amazon, Mercado Libre o en C\u00faspide. <\/p>\n\n\n\n<p>Pr\u00f3ximamente tambi\u00e9n estar\u00e1 en la Feria del Libro de Buenos Aires que se realizar\u00e1 del 26 al 28 de abril en La Rural. <\/p>\n\n\n\n<figure class=\"wp-block-image size-full\"><img decoding=\"async\" src=\"https:\/\/esreviral.com\/wp-content\/uploads\/2022\/04\/FB_IMG_1648650708907.jpg\" alt=\"\" class=\"wp-image-16233\"\/><figcaption>Participar\u00e1 en la feria del Libro de Buenos Aires<\/figcaption><\/figure>\n\n\n\n<p><strong><span style=\"background-color:#9a1b22\" class=\"td_text_highlight_marker\">Se aprovech\u00f3 de la tecnolog\u00eda<\/span><\/strong><\/p>\n\n\n\n<p>La tecnolog\u00eda lleg\u00f3 para quedarse y atrapar en su mundo a millones de lectores y de eso se aprovech\u00f3 <a href=\"https:\/\/www.instagram.com\/poesiasenvida\/\">Silvana Campana<\/a>, quien escribi\u00f3 su primer Ebook, titulado <strong>Desde Mi Espacio<\/strong>, donde \u00abrelato con fragmentos cortos, entre poes\u00eda, versos y consejos y trato de trasmitir al lector un poco de amor, paz y experiencias que lo lleven a reflexionar y motivarse\u00bb. <\/p>\n\n\n\n<p>Campana cuenta que tiene unos tres a\u00f1os escribiendo el libro y aunque por temas econ\u00f3micos no ha podido imprimirlo, quiso compartir una parte en este Ebook. <\/p>\n\n\n\n<p>\u00abEmpec\u00e9 a escribir mi primer libro, despu\u00e9s de un gran vac\u00edo emocional y situaciones que pas\u00e9 desde ni\u00f1a hasta la migraci\u00f3n.&nbsp;Ese primer libro es autobiogr\u00e1fico y con muchos temas en el \u00e1mbito psicol\u00f3gico, estrategias que emple\u00e9 para ir de a poco, entendiendo mi pasado y seguir reparando mi futuro\u00bb.<\/p>\n\n\n\n<p>Aspira poder vender este formato para reunir el dinero y e impulsar el texto completo en la versi\u00f3n impresa. \u00abEl libro lo dise\u00f1\u00e9, edit\u00e9 como autor independiente\u00bb, explica la licenciada en educaci\u00f3n preescolar, quien tiene cuatro a\u00f1os y ocho meses en Argentina. <\/p>\n\n\n\n<figure class=\"wp-block-image size-large\"><img decoding=\"async\" src=\"https:\/\/esreviral.com\/wp-content\/uploads\/2022\/04\/20220328_122842_0000-1024x1024.png\" alt=\"\" class=\"wp-image-16234\"\/><figcaption>@poesiasenvidas es su cuenta de IG, donde tambi\u00e9n muestra fragmentos de su narraci\u00f3n<\/figcaption><\/figure>\n\n\n\n<p>&nbsp;<\/p>\n","protected":false},"excerpt":{"rendered":"<p>Uno es impreso y el otro digital pero ambos con una calidad magistral en sus respectivos textos<\/p>\n","protected":false},"author":2,"featured_media":16235,"comment_status":"open","ping_status":"open","sticky":false,"template":"","format":"standard","meta":{"jnews-multi-image_gallery":[],"jnews_single_post":[],"jnews_primary_category":[],"jnews_social_meta":[],"jnews_review":[],"enable_review":"","type":"","name":"","summary":"","brand":"","sku":"","good":[],"bad":[],"score_override":"","override_value":"","rating":[],"price":[],"jnews_override_counter":[],"jnews_post_split":[],"footnotes":""},"categories":[50,54],"tags":[44,45,67],"class_list":["post-16232","post","type-post","status-publish","format-standard","has-post-thumbnail","hentry","category-entretenimiento","category-inmigracion","tag-argentina","tag-noticias","tag-venezolanos-en-argentina"],"amp_enabled":true,"_links":{"self":[{"href":"https:\/\/esreviral.com\/index.php?rest_route=\/wp\/v2\/posts\/16232"}],"collection":[{"href":"https:\/\/esreviral.com\/index.php?rest_route=\/wp\/v2\/posts"}],"about":[{"href":"https:\/\/esreviral.com\/index.php?rest_route=\/wp\/v2\/types\/post"}],"author":[{"embeddable":true,"href":"https:\/\/esreviral.com\/index.php?rest_route=\/wp\/v2\/users\/2"}],"replies":[{"embeddable":true,"href":"https:\/\/esreviral.com\/index.php?rest_route=%2Fwp%2Fv2%2Fcomments&post=16232"}],"version-history":[{"count":0,"href":"https:\/\/esreviral.com\/index.php?rest_route=\/wp\/v2\/posts\/16232\/revisions"}],"wp:featuredmedia":[{"embeddable":true,"href":"https:\/\/esreviral.com\/index.php?rest_route=\/"}],"wp:attachment":[{"href":"https:\/\/esreviral.com\/index.php?rest_route=%2Fwp%2Fv2%2Fmedia&parent=16232"}],"wp:term":[{"taxonomy":"category","embeddable":true,"href":"https:\/\/esreviral.com\/index.php?rest_route=%2Fwp%2Fv2%2Fcategories&post=16232"},{"taxonomy":"post_tag","embeddable":true,"href":"https:\/\/esreviral.com\/index.php?rest_route=%2Fwp%2Fv2%2Ftags&post=16232"}],"curies":[{"name":"wp","href":"https:\/\/api.w.org\/{rel}","templated":true}]}}