{"id":16219,"date":"2022-04-06T17:38:40","date_gmt":"2022-04-06T20:38:40","guid":{"rendered":"https:\/\/esreviral.com\/?p=16219"},"modified":"2022-04-06T17:38:40","modified_gmt":"2022-04-06T20:38:40","slug":"la-vinotinto-femenina-sub-20-tendra-su-debut-en-la-conmebol-frente-a-peru","status":"publish","type":"post","link":"https:\/\/esreviral.com\/?p=16219","title":{"rendered":"La Vinotinto femenina sub-20 tendr\u00e1 su debut en la Conmebol frente a Per\u00fa"},"content":{"rendered":"\n<p>La Vinotinto sub-20 femenina se prepar\u00f3 este lunes y martes para el primer partido del torneo de la\u00a0Conmebol\u00a0que tendr\u00e1 lugar<strong>\u00a0este mi\u00e9rcoles 6 de abril ante Per\u00fa.<\/strong>\u00a0El partido, que se celebrar\u00e1 a las 6:30 pm, hora de Venezuela, ser\u00e1 adem\u00e1s el debut de la selecci\u00f3n en la primera jornada del grupo A.<\/p>\n\n\n\n<p>El equipo aterriz\u00f3 este lunes en Vi\u00f1a del Mar, Chile, para prepararse para el torneo que otorgar\u00e1 dos cupos&nbsp;<strong>al Mundial de Costa Rica,<\/strong>&nbsp;pautado para el mes de agosto.<\/p>\n\n\n\n<p>El conjunto viaj\u00f3 desde el Aeropuerto Internacional Sim\u00f3n Bol\u00edvar de Maiquet\u00eda, hasta la Ciudad de Panam\u00e1, donde realiz\u00f3 una escala. All\u00ed tom\u00f3 otro vuelo con destino al Aeropuerto Internacional Comodoro Arturo Merino Ben\u00edtez, ubicado&nbsp;<strong>en Santiago de Chile,<\/strong>&nbsp;inform\u00f3 la Federaci\u00f3n Venezolana de F\u00fatbol (<a href=\"http:\/\/www.federacionvenezolanadefutbol.org\/la-vinotinto-sub-20-femenina-se-instalo-en-vina-del-mar-para-preparar-el-torneo-conmebol\/\" target=\"_blank\" rel=\"noreferrer noopener\">FVF<\/a>).<\/p>\n\n\n\n<p>Una vez en Chile, la Vinotinto sub-20 femenina<strong>&nbsp;tom\u00f3 un autob\u00fas<\/strong>&nbsp;que traslad\u00f3 al grupo hasta el hotel donde se est\u00e1n quedando en Vi\u00f1a del Mar.<\/p>\n\n\n\n<p>Antes de aterrizar en Chile, el conjunto estuvo prepar\u00e1ndose para la cita deportiva en Caracas\u00a0<strong>desde el 19 de marzo.<\/strong>\u00a0Con 26 futbolistas, el grupo realiz\u00f3 el reacondicionamiento f\u00edsico para estar listas para el certamen continental. El conjunto va en busca de un cupo a la Copa Mundial de la FIFA Femenina sub-20 de Costa Rica.<\/p>\n\n\n\n<p class=\"has-text-align-right\"><strong><em>El Nacional.- <\/em><\/strong><\/p>\n","protected":false},"excerpt":{"rendered":"<p>La Vinotinto sub-20 femenina se prepar\u00f3 este lunes y martes para el primer partido del torneo de la\u00a0Conmebol\u00a0que tendr\u00e1 lugar\u00a0este mi\u00e9rcoles 6 de abril ante Per\u00fa.\u00a0El partido, que se celebrar\u00e1 a las 6:30 pm, hora de Venezuela, ser\u00e1 adem\u00e1s el debut de la selecci\u00f3n en la primera jornada del grupo A. El equipo aterriz\u00f3 este [&hellip;]<\/p>\n","protected":false},"author":2,"featured_media":16220,"comment_status":"open","ping_status":"open","sticky":false,"template":"","format":"standard","meta":{"jnews-multi-image_gallery":[],"jnews_single_post":[],"jnews_primary_category":[],"jnews_social_meta":[],"jnews_review":[],"enable_review":"","type":"","name":"","summary":"","brand":"","sku":"","good":[],"bad":[],"score_override":"","override_value":"","rating":[],"price":[],"jnews_override_counter":[],"jnews_post_split":[],"footnotes":""},"categories":[48],"tags":[146,45,56],"class_list":["post-16219","post","type-post","status-publish","format-standard","has-post-thumbnail","hentry","category-deportes","tag-la-vinotinto","tag-noticias","tag-venezuela"],"amp_enabled":true,"_links":{"self":[{"href":"https:\/\/esreviral.com\/index.php?rest_route=\/wp\/v2\/posts\/16219"}],"collection":[{"href":"https:\/\/esreviral.com\/index.php?rest_route=\/wp\/v2\/posts"}],"about":[{"href":"https:\/\/esreviral.com\/index.php?rest_route=\/wp\/v2\/types\/post"}],"author":[{"embeddable":true,"href":"https:\/\/esreviral.com\/index.php?rest_route=\/wp\/v2\/users\/2"}],"replies":[{"embeddable":true,"href":"https:\/\/esreviral.com\/index.php?rest_route=%2Fwp%2Fv2%2Fcomments&post=16219"}],"version-history":[{"count":0,"href":"https:\/\/esreviral.com\/index.php?rest_route=\/wp\/v2\/posts\/16219\/revisions"}],"wp:featuredmedia":[{"embeddable":true,"href":"https:\/\/esreviral.com\/index.php?rest_route=\/"}],"wp:attachment":[{"href":"https:\/\/esreviral.com\/index.php?rest_route=%2Fwp%2Fv2%2Fmedia&parent=16219"}],"wp:term":[{"taxonomy":"category","embeddable":true,"href":"https:\/\/esreviral.com\/index.php?rest_route=%2Fwp%2Fv2%2Fcategories&post=16219"},{"taxonomy":"post_tag","embeddable":true,"href":"https:\/\/esreviral.com\/index.php?rest_route=%2Fwp%2Fv2%2Ftags&post=16219"}],"curies":[{"name":"wp","href":"https:\/\/api.w.org\/{rel}","templated":true}]}}