{"id":16210,"date":"2022-04-06T14:16:29","date_gmt":"2022-04-06T17:16:29","guid":{"rendered":"https:\/\/esreviral.com\/?p=16210"},"modified":"2022-04-06T14:16:29","modified_gmt":"2022-04-06T17:16:29","slug":"en-casi-30-aumentaran-los-precios-de-taxis-en-caba","status":"publish","type":"post","link":"https:\/\/esreviral.com\/?p=16210","title":{"rendered":"En casi 30 % aumentar\u00e1n los precios de taxis en CABA"},"content":{"rendered":"\n<p>Antes de que termine abril se har\u00e1 efectivo un nuevo aumento en la tarifa de los taxis. Aunque a\u00fan no se sab\u00e9 el d\u00eda exacto, anteayer se hizo la audiencia p\u00fablica, un paso obligatorio, aunque no vinculante, para concretar el incremento. All\u00ed se confirm\u00f3 que <strong>el valor de la ficha diurna se ir\u00e1 de $ 11,10 a $ 14,40, por lo que a su vez la bajada de bandera, que es equivalente a 10 fichas, pasar\u00e1 de $ 111 a $ 144. Es casi un 30% de aumento (29,72%).<\/strong><\/p>\n\n\n\n<p>La audiencia p\u00fablica, que se realiz\u00f3 por Zoom, cont\u00f3 con la exposici\u00f3n de representantes de distintas agrupaciones de taxistas. La mayor\u00eda coincidi\u00f3 en que <strong>la inflaci\u00f3n afect\u00f3 en forma notoria la rentabilidad del trabajo y que cada vez se les hace m\u00e1s dif\u00edcil pagar repuestos, seguros y el mantenimiento de los veh\u00edculos.<\/strong><\/p>\n\n\n\n<p><strong>\u00abSolo trabajamos para poder comer, pero no podemos pagar los arreglos ni el seguro, que es car\u00edsimo y aumenta cada 6 meses.<\/strong> El \u00faltimo aumento fue entre el 45 y el 50%. Y ahora sube cada cuatro meses. No se puede sostener\u00bb, dijo Sergio P\u00e9rez, el primero de los oradores inscriptos. Y agreg\u00f3: \u00abHay 150 mil autos truchos que nos roban el trabajo. Y pongo otro ejemplo. En diciembre, cuando hubo otra audiencia p\u00fablica para subir la tarifa, un veh\u00edculo para renovar la unidad sal\u00eda entre 2 y 2,5 millones de pesos. Ahora sale entre 3 y 3,5\u00bb.<\/p>\n\n\n\n<p>Despu\u00e9s fue el turno de Jorge Celia, presidente de Sociedad de Propie\u00bbEs tarios de Autom\u00f3viles con Tax\u00edmetro. \u00abQuedamos pocos. <strong>De casi 38 mil licencias, es mucho si trabajan entre 15 o 18 mil\u00bb,<\/strong> expres\u00f3, y luego resalt\u00f3:<\/p>\n\n\n\n<p>\u00ab<strong>culpa de las aplicaciones y conductores ilegales.<\/strong> El Estado tiene que controlar a los servicios p\u00fablicos de transporte y en qu\u00e9 condiciones est\u00e1n esos autos. Ahora resulta que son las empresas las que controlan eso. Creemos que hay que tomar decisiones pol\u00edticas. Lo ilegal no deber\u00eda estar funcionando\u00bb.<\/p>\n\n\n\n<p>Para los distintos expositores, el incremento en la tarifa no alcanzar\u00e1 a cubrir el desfasaje de costos y gastos que es producto de la inflaci\u00f3n. Y algunos hasta exigen que los incrementos en las tarifa se fijen con mayor periodicidad.<\/p>\n\n\n\n<p><strong>Durante la \u00faltima semana de abril, entonces, con la bajada de bandera a $ 144 y la ficha a $ 14,40, un viaje de d\u00eda desde el Obelisco hasta Acoyte y Rivadavia pasar\u00e1 a costar $ 720, cuando hoy se paga $ 555. Partiendo desde el mismo punto, el trayecto hasta Retiro saldr\u00e1 $ 388,80 y hasta Constituci\u00f3n $ 316,80.<\/strong><\/p>\n\n\n\n<p>Como ocurre cada vez que se incrementan el costo de los viajes, tambi\u00e9n sube la tarifa nocturna, que es un 20% m\u00e1s cara que la diurna y se cobra entre las 22 y las 6. La ficha elevar\u00e1 su valor a $ 17,40 y la bajada de bandera tendr\u00e1 un costo de $ 174.<\/p>\n\n\n\n<p>Las fichas caen cada 200 metros de recorrido o un minuto de espera en caso de que el auto est\u00e9 detenido.<\/p>\n\n\n\n<p>Al mismo tiempo, sufrir\u00e1 un alza el costo adicional por equipaje. Est\u00e1 estipulado que cada pasajero puede viajar con un equipaje de mano. Si suma adicionales deber\u00e1 abonar $ 72 de d\u00eda y $ 87 de noche.<\/p>\n\n\n\n<p>El \u00faltimo aumento hab\u00eda sido el 1\u00b0 de diciembre y el ajuste tambi\u00e9n fue del 30%. Durante 2021 hubo tres incrementos tarifarios. Los anteriores hab\u00edan sido en febrero y en abril y la suba acumulada durante el a\u00f1o alcanz\u00f3 el 86,5%. Durante 2020, por la pandemia, no se hab\u00edan realizado ajustes en la tarifa.<\/p>\n","protected":false},"excerpt":{"rendered":"<p>Durante la \u00faltima semana de abril, entonces, con la bajada de bandera a $ 144 y la ficha a $ 14,40, un viaje de d\u00eda desde el Obelisco hasta Acoyte y Rivadavia pasar\u00e1 a costar $ 720, cuando hoy se paga $ 555. Partiendo desde el mismo punto, el trayecto hasta Retiro saldr\u00e1 $ 388,80 y hasta Constituci\u00f3n $ 316,80.<\/p>\n","protected":false},"author":2,"featured_media":16211,"comment_status":"open","ping_status":"open","sticky":false,"template":"","format":"standard","meta":{"jnews-multi-image_gallery":[],"jnews_single_post":[],"jnews_primary_category":[],"jnews_social_meta":[],"jnews_review":[],"enable_review":"","type":"","name":"","summary":"","brand":"","sku":"","good":[],"bad":[],"score_override":"","override_value":"","rating":[],"price":[],"jnews_override_counter":[],"jnews_post_split":[],"footnotes":""},"categories":[58,61],"tags":[44,62,268,45],"class_list":["post-16210","post","type-post","status-publish","format-standard","has-post-thumbnail","hentry","category-argentina","category-economia","tag-argentina","tag-economia","tag-inflacion","tag-noticias"],"amp_enabled":true,"_links":{"self":[{"href":"https:\/\/esreviral.com\/index.php?rest_route=\/wp\/v2\/posts\/16210"}],"collection":[{"href":"https:\/\/esreviral.com\/index.php?rest_route=\/wp\/v2\/posts"}],"about":[{"href":"https:\/\/esreviral.com\/index.php?rest_route=\/wp\/v2\/types\/post"}],"author":[{"embeddable":true,"href":"https:\/\/esreviral.com\/index.php?rest_route=\/wp\/v2\/users\/2"}],"replies":[{"embeddable":true,"href":"https:\/\/esreviral.com\/index.php?rest_route=%2Fwp%2Fv2%2Fcomments&post=16210"}],"version-history":[{"count":0,"href":"https:\/\/esreviral.com\/index.php?rest_route=\/wp\/v2\/posts\/16210\/revisions"}],"wp:featuredmedia":[{"embeddable":true,"href":"https:\/\/esreviral.com\/index.php?rest_route=\/"}],"wp:attachment":[{"href":"https:\/\/esreviral.com\/index.php?rest_route=%2Fwp%2Fv2%2Fmedia&parent=16210"}],"wp:term":[{"taxonomy":"category","embeddable":true,"href":"https:\/\/esreviral.com\/index.php?rest_route=%2Fwp%2Fv2%2Fcategories&post=16210"},{"taxonomy":"post_tag","embeddable":true,"href":"https:\/\/esreviral.com\/index.php?rest_route=%2Fwp%2Fv2%2Ftags&post=16210"}],"curies":[{"name":"wp","href":"https:\/\/api.w.org\/{rel}","templated":true}]}}