{"id":16157,"date":"2022-04-05T13:36:37","date_gmt":"2022-04-05T16:36:37","guid":{"rendered":"https:\/\/esreviral.com\/?p=16157"},"modified":"2022-04-05T13:36:37","modified_gmt":"2022-04-05T16:36:37","slug":"chile-quiere-acordar-con-argentina-un-cupo-migratorio-de-venezolanos","status":"publish","type":"post","link":"https:\/\/esreviral.com\/?p=16157","title":{"rendered":"Chile quiere acordar con Argentina un cupo migratorio de venezolanos"},"content":{"rendered":"\n<p>El presidente chileno busca descomprimir el problema de inmigraci\u00f3n que tiene en el norte del pa\u00eds. Y pretende establecer con Argentina y otras naciones de la regi\u00f3n un sistema de cuotas migratorias. Tambi\u00e9n plante\u00f3 la extradici\u00f3n del ex guerrillero Apablaza.<\/p>\n\n\n\n<p><strong>Gabriel Boric quiere que Alberto Fern\u00e1ndez lo ayude a descomprimir la crisis migratoria que vive Chile con el aluvi\u00f3n de venezolanos <\/strong>que en los \u00faltimos a\u00f1os entr\u00f3 al pa\u00eds vecino generando fuerte rechazo en la sociedad al tiempo que un grave problema de inseguridad y conflictividad por las carencias que siguen teniendo.<\/p>\n\n\n\n<p><strong>Seg\u00fan Clarin de fuentes en ambos pa\u00edses,<\/strong> Boric plante\u00f3 ante el mandatario argentino y posteriormente ante los presidentes de la C\u00e1mara de Diputados, Sergio Massa, y la presidenta provisional del Senado, Claudia Ledesma de Zamora que busca acordar con Argentina un sistema de cuotas migratorias que pueda extenderse a los otros pa\u00edses de la regi\u00f3n para que se comprometan a recibir migrantes, en este caso venezolanos y los ayude a descomprimir sus propios problemas.<\/p>\n\n\n\n<p>Quiere el mandatario chileno un sistema de cuotas como el que aplica la Uni\u00f3n Europea y busc\u00f3 implementar con los sirios que huyeron de su guerra civil. Una redistribuci\u00f3n que no estuvo exenta de peleas y disparidades entre los Estados de la UE.<\/p>\n\n\n\n<p>En la declaraci\u00f3n final que ambos presidentes firmaron ayer en la Casa Rosada no se plasm\u00f3 un compromiso explicito sobre los migrantes venezolanos pero s\u00ed llam\u00f3 la atenci\u00f3n que dejaron por escrito la necesidad de un \u00abfortalecimiento de la gobernanza de las migraciones de forma ordenada, segura, regular y responsable, tanto binacional como regional, desde la perspectiva de los derechos humanos de las personas migrantes\u00bb bajo el amparo de la Conferencia Suramericana sobre Migraciones y del Foro Especializado Migratorio del Mercosur.<\/p>\n\n\n\n<p>Boric comenz\u00f3 su declaraci\u00f3n de ayer en la Rosada, y junto a Fern\u00e1ndez y sus respectivos ministros, con un llamado a gobernar con una visi\u00f3n de pol\u00edticas de Estado. Hizo un llamado a mantener intereses que se contin\u00faen en el tiempo m\u00e1s all\u00e1 de los cambios de gobierno.<\/p>\n\n\n\n<p>Es en ese tren que el presidente se reuni\u00f3 con los parlamentarios de la oposici\u00f3n que viajaron con \u00e9l y se comprometi\u00f3 a plantear ante el presidente argentino sus demandas.<\/p>\n\n\n\n<p>Una de ellas fue el de la senadora de la centroderechista Renovaci\u00f3n Nacional, Paulina Nu\u00f1ez Urrutia, quien le pidi\u00f3 abordar la crisis migratoria con Argentina. La legisladora es de la regi\u00f3n de Antofagasta, una de las m\u00e1s calientes del conflicto venezolano.<\/p>\n\n\n\n<p>En Chile se estima que hay 1,4 millones de migrantes, lo que equivale a m\u00e1s del 7 % de la poblaci\u00f3n. Los venezolanos est\u00e1n en primer lugar de cantidad seguidos por peruanos, haitianos y colombianos. En Argentina no superan los 174.000 venezolanos, con un pico de llegadas en el macrismo pero en descenso notable.<\/p>\n\n\n\n<p>Primero porque el kirchnerismo le sac\u00f3 algunos privilegios con los que entraban al pais huyendo de la crisis econ\u00f3mica y del chavismo. En segundo lugar porque la propia crisis y descenso de la calidad de vida en la Argentina desalent\u00f3 esa migraci\u00f3n.<\/p>\n\n\n\n<p>Pero en Chile la cuesti\u00f3n migratoria -en el Norte viven hasta en campamentos por la falta de vivienda y oportunidades reales- se convirti\u00f3 en uno de los problemas que aquejaron al ahora ex presidente Sebasti\u00e1n Pi\u00f1era. Ahora es uno de los desaf\u00edos de la centroizquierda de Boric, cuya posici\u00f3n m\u00e1s af\u00edn a promover la cuesti\u00f3n social se encuentra con una realidad m\u00e1s s\u00f3rdida de lo que esperaba, al igual que en el conflicto mapuche en la zona de la Araucan\u00eda. En el arranque de su gesti\u00f3n, la imagen de<\/p>\n\n\n\n<p>En el norte de Chile los venezolanos viven hasta en campamentos por falta de <strong>viviendas.<\/strong><\/p>\n\n\n\n<p>En el Gobierno argentino evitaron responder sobre un eventual acuerdo de cuotas para ayudar a Chile en la distribuci\u00f3n de inmigrantes.<\/p>\n\n\n\n<p>Cuando ayer se le pregunt\u00f3 a Boric por las violaciones a los derechos humanos en Cuba, Venezuela y Nicaragua respondi\u00f3 que al problema del doble est\u00e1ndar de \u00absectores de izquierda\u00bb en materia de derechos humanos se le opone \u00abun doble est\u00e1ndar\u00bb por parte de \u00abla derecha\u00bb, en particular \u00abcuando habla de la tr\u00edada Venezuela, Cuba, Nicaragua\u00bb\u00bfPor qu\u00e9 no me preguntan por los derechos humanos en nuestro pa\u00eds o por el asesinato de l\u00edderes sociales en Colombia?\u201d, cuestion\u00f3. <\/p>\n\n\n\n<p class=\"has-text-align-right\"><strong><em>Clar\u00edn.-<\/em><\/strong><\/p>\n","protected":false},"excerpt":{"rendered":"<p>Quiere que el sistema se extienda a otros pa\u00edses de la regi\u00f3n. Firmaron una declaraci\u00f3n conjunta<\/p>\n","protected":false},"author":2,"featured_media":16158,"comment_status":"open","ping_status":"open","sticky":false,"template":"","format":"standard","meta":{"jnews-multi-image_gallery":[],"jnews_single_post":[],"jnews_primary_category":[],"jnews_social_meta":[],"jnews_review":[],"enable_review":"","type":"","name":"","summary":"","brand":"","sku":"","good":[],"bad":[],"score_override":"","override_value":"","rating":[],"price":[],"jnews_override_counter":[],"jnews_post_split":[],"footnotes":""},"categories":[59],"tags":[1371,67,739],"class_list":["post-16157","post","type-post","status-publish","format-standard","has-post-thumbnail","hentry","category-politica","tag-gabriel-boric","tag-venezolanos-en-argentina","tag-venezolanos-en-chile"],"amp_enabled":true,"_links":{"self":[{"href":"https:\/\/esreviral.com\/index.php?rest_route=\/wp\/v2\/posts\/16157"}],"collection":[{"href":"https:\/\/esreviral.com\/index.php?rest_route=\/wp\/v2\/posts"}],"about":[{"href":"https:\/\/esreviral.com\/index.php?rest_route=\/wp\/v2\/types\/post"}],"author":[{"embeddable":true,"href":"https:\/\/esreviral.com\/index.php?rest_route=\/wp\/v2\/users\/2"}],"replies":[{"embeddable":true,"href":"https:\/\/esreviral.com\/index.php?rest_route=%2Fwp%2Fv2%2Fcomments&post=16157"}],"version-history":[{"count":0,"href":"https:\/\/esreviral.com\/index.php?rest_route=\/wp\/v2\/posts\/16157\/revisions"}],"wp:featuredmedia":[{"embeddable":true,"href":"https:\/\/esreviral.com\/index.php?rest_route=\/"}],"wp:attachment":[{"href":"https:\/\/esreviral.com\/index.php?rest_route=%2Fwp%2Fv2%2Fmedia&parent=16157"}],"wp:term":[{"taxonomy":"category","embeddable":true,"href":"https:\/\/esreviral.com\/index.php?rest_route=%2Fwp%2Fv2%2Fcategories&post=16157"},{"taxonomy":"post_tag","embeddable":true,"href":"https:\/\/esreviral.com\/index.php?rest_route=%2Fwp%2Fv2%2Ftags&post=16157"}],"curies":[{"name":"wp","href":"https:\/\/api.w.org\/{rel}","templated":true}]}}