{"id":16154,"date":"2022-04-05T12:10:20","date_gmt":"2022-04-05T15:10:20","guid":{"rendered":"https:\/\/esreviral.com\/?p=16154"},"modified":"2022-04-05T12:10:20","modified_gmt":"2022-04-05T15:10:20","slug":"luxemburgo-estaria-negando-asilo-politico-a-venezolanos-por-posible-xenofobia-regresen-a-su-pais","status":"publish","type":"post","link":"https:\/\/esreviral.com\/?p=16154","title":{"rendered":"Luxemburgo estar\u00eda negando asilo pol\u00edtico a venezolanos por posible xenofobia: \u00abRegresen a su pa\u00eds\u00bb"},"content":{"rendered":"\n<p><strong><em>CIS.-<\/em><\/strong> El periodista venezolano, radicado en Espa\u00f1a, David Placer, viaj\u00f3 hasta el pa\u00eds catalogado como el m\u00e1s rico del mundo, Luxemburgo, donde le estar\u00edan negando el asilo pol\u00edtico a los venezolanos y el Gobierno les dice: <strong>\u00abRegresen a su pa\u00eds\u00bb. <\/strong><\/p>\n\n\n\n<p>Placer public\u00f3 un reportaje en el que pudo conversar con algunos venezolanos, todos ellos con testimonios de haber sido agredidos o intimados por el r\u00e9gimen de Nicol\u00e1s Maduro y aunque ten\u00edan pruebas de lo vivido, comentaron que no les permitieron a su abogado, presentarlas en el juicio sino que r\u00e1pidamente les negaron el asilo. <\/p>\n\n\n\n<p><strong>\u201cMaduro dolariza la econom\u00eda y Venezuela mejora\u201d<\/strong>, es la excusa que dan desde Luxemburgo, un pa\u00eds regido por monarqu\u00eda y cuya <strong>Gran Duquesa, Mar\u00eda Teresa, es de origen cubano, sabe c\u00f3mo se vive en dictadura, incluso, lo ha comentado en documentales. <\/strong><\/p>\n\n\n\n<p>Seg\u00fan las pruebas mostradas por Placer, en todos los documentos que env\u00edan desde el Gobierno,<strong> es una especie de \u00abcopia y pega\u00bb<\/strong>, pues dicen lo mismo a pesar de ser casos distintos. <\/p>\n\n\n\n<p>\u00c9l habl\u00f3 con funcionarios del Gobierno a trav\u00e9s de correos electr\u00f3nicos y <strong>afirmaron no haber xenofobia,<\/strong> incluso que es un equipo \u00abimparcial\u00bb quien recibe y analiza los casos. <\/p>\n\n\n\n<p>Cabe destacar que la abogada que llevaba los casos de estos venezolanos no pudo declarar, ya que cuentan sus clientes, le quitaron la licencia como jurista y ahora trabaja en el ministerio de educaci\u00f3n de ese pa\u00eds. <\/p>\n\n\n\n<figure class=\"wp-block-embed is-type-video is-provider-youtube wp-block-embed-youtube wp-embed-aspect-16-9 wp-has-aspect-ratio\"><div class=\"wp-block-embed__wrapper\">\n<div class=\"jeg_video_container jeg_video_content\"><iframe title=\"El pa\u00eds m\u00e1s rico del mundo EXPULSA a venezolanos\" width=\"500\" height=\"281\" src=\"https:\/\/www.youtube.com\/embed\/f7BIGH5B3iU?feature=oembed\" frameborder=\"0\" allow=\"accelerometer; autoplay; clipboard-write; encrypted-media; gyroscope; picture-in-picture; web-share\" referrerpolicy=\"strict-origin-when-cross-origin\" allowfullscreen><\/iframe><\/div>\n<\/div><\/figure>\n","protected":false},"excerpt":{"rendered":"<p>David Placer fue hasta el lugar y entrevist\u00f3 a algunos afectados<\/p>\n","protected":false},"author":2,"featured_media":16155,"comment_status":"open","ping_status":"open","sticky":false,"template":"","format":"standard","meta":{"jnews-multi-image_gallery":[],"jnews_single_post":[],"jnews_primary_category":[],"jnews_social_meta":[],"jnews_review":[],"enable_review":"","type":"","name":"","summary":"","brand":"","sku":"","good":[],"bad":[],"score_override":"","override_value":"","rating":[],"price":[],"jnews_override_counter":[],"jnews_post_split":[],"footnotes":""},"categories":[54],"tags":[1749,1750],"class_list":["post-16154","post","type-post","status-publish","format-standard","has-post-thumbnail","hentry","category-inmigracion","tag-luxemburgo","tag-venezolanos-en-luxemburgo"],"amp_enabled":true,"_links":{"self":[{"href":"https:\/\/esreviral.com\/index.php?rest_route=\/wp\/v2\/posts\/16154"}],"collection":[{"href":"https:\/\/esreviral.com\/index.php?rest_route=\/wp\/v2\/posts"}],"about":[{"href":"https:\/\/esreviral.com\/index.php?rest_route=\/wp\/v2\/types\/post"}],"author":[{"embeddable":true,"href":"https:\/\/esreviral.com\/index.php?rest_route=\/wp\/v2\/users\/2"}],"replies":[{"embeddable":true,"href":"https:\/\/esreviral.com\/index.php?rest_route=%2Fwp%2Fv2%2Fcomments&post=16154"}],"version-history":[{"count":0,"href":"https:\/\/esreviral.com\/index.php?rest_route=\/wp\/v2\/posts\/16154\/revisions"}],"wp:featuredmedia":[{"embeddable":true,"href":"https:\/\/esreviral.com\/index.php?rest_route=\/"}],"wp:attachment":[{"href":"https:\/\/esreviral.com\/index.php?rest_route=%2Fwp%2Fv2%2Fmedia&parent=16154"}],"wp:term":[{"taxonomy":"category","embeddable":true,"href":"https:\/\/esreviral.com\/index.php?rest_route=%2Fwp%2Fv2%2Fcategories&post=16154"},{"taxonomy":"post_tag","embeddable":true,"href":"https:\/\/esreviral.com\/index.php?rest_route=%2Fwp%2Fv2%2Ftags&post=16154"}],"curies":[{"name":"wp","href":"https:\/\/api.w.org\/{rel}","templated":true}]}}