{"id":16145,"date":"2022-04-05T10:37:36","date_gmt":"2022-04-05T13:37:36","guid":{"rendered":"https:\/\/esreviral.com\/?p=16145"},"modified":"2022-04-05T10:37:36","modified_gmt":"2022-04-05T13:37:36","slug":"hasta-en-184-aumentaron-los-alquileres-desde-que-se-promulgo-la-ley-de-alquileres","status":"publish","type":"post","link":"https:\/\/esreviral.com\/?p=16145","title":{"rendered":"Hasta en 184 % aumentaron los alquileres desde que se promulg\u00f3 la Ley de Alquileres"},"content":{"rendered":"\n<p>Una de las principales promesas de los candidatos a diputados del bloque de Juntos por el Cambio fue discutir la  la cual, el mismo bloque fue quien la propuso el a\u00f1o pasado pero esto trajo como consecuencia una inflaci\u00f3n exabrupta del aumento de precios. <\/p>\n\n\n\n<p>De acuerco con un informe del Instituto de Investigaciones Econ\u00f3micas de la Bolsa de Comercio de C\u00f3rdoba, en el Gran Buenos Aires, los aumentos estuvieron entre 157 y 184 % mientras que en capital federal fue de hasta 135 %. <\/p>\n\n\n\n<p>Otras de las consecuencias que trajo esta ley y los aumentos, fue la falta de oferta.<\/p>\n\n\n\n<p><\/p>\n","protected":false},"excerpt":{"rendered":"<p>Una de las principales promesas de los candidatos a diputados del bloque de Juntos por el Cambio fue discutir la la cual, el mismo bloque fue quien la propuso el a\u00f1o pasado pero esto trajo como consecuencia una inflaci\u00f3n exabrupta del aumento de precios. De acuerco con un informe del Instituto de Investigaciones Econ\u00f3micas de [&hellip;]<\/p>\n","protected":false},"author":2,"featured_media":16146,"comment_status":"open","ping_status":"open","sticky":false,"template":"","format":"standard","meta":{"jnews-multi-image_gallery":[],"jnews_single_post":[],"jnews_primary_category":[],"jnews_social_meta":[],"jnews_review":[],"enable_review":"","type":"","name":"","summary":"","brand":"","sku":"","good":[],"bad":[],"score_override":"","override_value":"","rating":[],"price":[],"jnews_override_counter":[],"jnews_post_split":[],"footnotes":""},"categories":[61],"tags":[44,1747,45,67],"class_list":["post-16145","post","type-post","status-publish","format-standard","has-post-thumbnail","hentry","category-economia","tag-argentina","tag-ley-de-alquileres","tag-noticias","tag-venezolanos-en-argentina"],"amp_enabled":true,"_links":{"self":[{"href":"https:\/\/esreviral.com\/index.php?rest_route=\/wp\/v2\/posts\/16145"}],"collection":[{"href":"https:\/\/esreviral.com\/index.php?rest_route=\/wp\/v2\/posts"}],"about":[{"href":"https:\/\/esreviral.com\/index.php?rest_route=\/wp\/v2\/types\/post"}],"author":[{"embeddable":true,"href":"https:\/\/esreviral.com\/index.php?rest_route=\/wp\/v2\/users\/2"}],"replies":[{"embeddable":true,"href":"https:\/\/esreviral.com\/index.php?rest_route=%2Fwp%2Fv2%2Fcomments&post=16145"}],"version-history":[{"count":0,"href":"https:\/\/esreviral.com\/index.php?rest_route=\/wp\/v2\/posts\/16145\/revisions"}],"wp:featuredmedia":[{"embeddable":true,"href":"https:\/\/esreviral.com\/index.php?rest_route=\/"}],"wp:attachment":[{"href":"https:\/\/esreviral.com\/index.php?rest_route=%2Fwp%2Fv2%2Fmedia&parent=16145"}],"wp:term":[{"taxonomy":"category","embeddable":true,"href":"https:\/\/esreviral.com\/index.php?rest_route=%2Fwp%2Fv2%2Fcategories&post=16145"},{"taxonomy":"post_tag","embeddable":true,"href":"https:\/\/esreviral.com\/index.php?rest_route=%2Fwp%2Fv2%2Ftags&post=16145"}],"curies":[{"name":"wp","href":"https:\/\/api.w.org\/{rel}","templated":true}]}}