{"id":16142,"date":"2022-04-05T10:30:39","date_gmt":"2022-04-05T13:30:39","guid":{"rendered":"https:\/\/esreviral.com\/?p=16142"},"modified":"2022-04-05T10:30:39","modified_gmt":"2022-04-05T13:30:39","slug":"este-martes-inicia-la-discusion-de-la-ley-de-alquileres","status":"publish","type":"post","link":"https:\/\/esreviral.com\/?p=16142","title":{"rendered":"Este martes inicia la discusi\u00f3n de la Ley de Alquileres"},"content":{"rendered":"\n<p><strong>La C\u00e1mara de Diputados<\/strong>&nbsp;comenzar\u00e1 a debatir este martes por la tarde en comisi\u00f3n una reforma de la ley de alquileres, con el eje puesto en modificar el&nbsp;<strong>plazo de vigencia de los contratos<\/strong>&nbsp;entre propietarios e inquilinos, as\u00ed como&nbsp;<strong>el sistema de actualizaci\u00f3n<\/strong>&nbsp;de los mismos.<\/p>\n\n\n\n<p>La discusi\u00f3n se dar\u00e1 en la&nbsp;<strong>comisi\u00f3n de Legislaci\u00f3n General<\/strong>, que se conformar\u00e1&nbsp;<strong>a las 15<\/strong>, a partir de un acuerdo alcanzado el mi\u00e9rcoles pasado por el presidente de la C\u00e1mara baja, Sergio Massa, con los titulares de los bloques de la UCR, Mario Negri, y del PRO, Cristian Ritondo, que conforman el interbloque Juntos por el Cambio.<\/p>\n\n\n\n<p>Para lograr ese objetivo, Massa firm\u00f3 el viernes pasado la respectiva resoluci\u00f3n citando a esa comisi\u00f3n que tendr\u00e1 31 miembros, de los cu\u00e1les 16 corresponder\u00e1n al Frente de Todos, 14 a Juntos por el Cambio y uno al interbloque Federal.<\/p>\n","protected":false},"excerpt":{"rendered":"<p>La C\u00e1mara de Diputados&nbsp;comenzar\u00e1 a debatir este martes por la tarde en comisi\u00f3n una reforma de la ley de alquileres, con el eje puesto en modificar el&nbsp;plazo de vigencia de los contratos&nbsp;entre propietarios e inquilinos, as\u00ed como&nbsp;el sistema de actualizaci\u00f3n&nbsp;de los mismos. La discusi\u00f3n se dar\u00e1 en la&nbsp;comisi\u00f3n de Legislaci\u00f3n General, que se conformar\u00e1&nbsp;a las [&hellip;]<\/p>\n","protected":false},"author":2,"featured_media":16143,"comment_status":"open","ping_status":"open","sticky":false,"template":"","format":"standard","meta":{"jnews-multi-image_gallery":[],"jnews_single_post":[],"jnews_primary_category":[],"jnews_social_meta":[],"jnews_review":[],"enable_review":"","type":"","name":"","summary":"","brand":"","sku":"","good":[],"bad":[],"score_override":"","override_value":"","rating":[],"price":[],"jnews_override_counter":[],"jnews_post_split":[],"footnotes":""},"categories":[59],"tags":[44,1747,45],"class_list":["post-16142","post","type-post","status-publish","format-standard","has-post-thumbnail","hentry","category-politica","tag-argentina","tag-ley-de-alquileres","tag-noticias"],"amp_enabled":true,"_links":{"self":[{"href":"https:\/\/esreviral.com\/index.php?rest_route=\/wp\/v2\/posts\/16142"}],"collection":[{"href":"https:\/\/esreviral.com\/index.php?rest_route=\/wp\/v2\/posts"}],"about":[{"href":"https:\/\/esreviral.com\/index.php?rest_route=\/wp\/v2\/types\/post"}],"author":[{"embeddable":true,"href":"https:\/\/esreviral.com\/index.php?rest_route=\/wp\/v2\/users\/2"}],"replies":[{"embeddable":true,"href":"https:\/\/esreviral.com\/index.php?rest_route=%2Fwp%2Fv2%2Fcomments&post=16142"}],"version-history":[{"count":0,"href":"https:\/\/esreviral.com\/index.php?rest_route=\/wp\/v2\/posts\/16142\/revisions"}],"wp:featuredmedia":[{"embeddable":true,"href":"https:\/\/esreviral.com\/index.php?rest_route=\/"}],"wp:attachment":[{"href":"https:\/\/esreviral.com\/index.php?rest_route=%2Fwp%2Fv2%2Fmedia&parent=16142"}],"wp:term":[{"taxonomy":"category","embeddable":true,"href":"https:\/\/esreviral.com\/index.php?rest_route=%2Fwp%2Fv2%2Fcategories&post=16142"},{"taxonomy":"post_tag","embeddable":true,"href":"https:\/\/esreviral.com\/index.php?rest_route=%2Fwp%2Fv2%2Ftags&post=16142"}],"curies":[{"name":"wp","href":"https:\/\/api.w.org\/{rel}","templated":true}]}}